{"id":85978,"date":"2025-10-19T20:07:06","date_gmt":"2025-10-20T02:07:06","guid":{"rendered":"https:\/\/zonaroja.com.mx\/?p=85978"},"modified":"2025-10-19T20:07:09","modified_gmt":"2025-10-20T02:07:09","slug":"en-24-horas-detiene-fiscalia-a-una-persona-por-crimen-en-santiago-tenango","status":"publish","type":"post","link":"https:\/\/zonaroja.com.mx\/?p=85978","title":{"rendered":"En 24 horas, detiene Fiscal\u00eda a una persona por crimen en Santiago Tenango"},"content":{"rendered":"\n<p>Raymundo Morales\/Zona Roja.<\/p>\n\n\n\n<p>Oaxaca, Oax., a 19 de octubre de 2025.- A 24 horas despu\u00e9s del crimen en Santiago Tenango, la Fiscal\u00eda General del Estado de Oaxaca inform\u00f3 de la detenci\u00f3n de una persona como probable del delito ocurrido ayer.<\/p>\n\n\n\n<p>La v\u00edctima fue identificada como Joel V. L., cuyo cuerpo fue localizado sin vida la ma\u00f1ana de este s\u00e1bado a un costado de la carretera federal 190, antes de llegar al paraje de \u201cLa Carbonera\u201d, en Santiago Tenango, Etla.<\/p>\n\n\n\n<p>\u201c..las investigaciones iniciales revelan que est\u00e1 desvinculado a cualquier proceso electoral de la comunidad\u201d, destac\u00f3 la instituci\u00f3n procuradora de justicia.<\/p>\n\n\n\n<p>\u201cDerivado de los actos de investigaci\u00f3n realizados en el lugar, establecieron las primeras l\u00edneas de investigaci\u00f3n que permitieron definir las primeras directrices sobre c\u00f3mo sucedieron los hechos\u201d, indic\u00f3 en su comunicado.<\/p>\n\n\n\n<p>De manera preliminar se inform\u00f3 que el se\u00f1or Joel participar\u00eda como candidato a la presidencia municipal de Santiago Tenango; sin embargo, ello fue descartado por las autoridades ministeriales.<\/p>\n\n\n\n<p>Una de las l\u00edneas de investigaci\u00f3n que se sigue es el conflicto agrario entre dicho municipio y San Pablo Huitzo; sin embargo, hasta el momento no hay confirmaci\u00f3n de ello.<\/p>\n\n\n\n<p>El cuerpo de la v\u00edctima presentaba golpes y tambi\u00e9n, hasta el momento, se tiene descartado que haya sido ultimado por disparos de arma de fuego. Tampoco se tiene precisi\u00f3n acerca del m\u00f3vil del crimen, lo cual sigue indagando la Fiscal\u00eda General.<\/p>\n","protected":false},"excerpt":{"rendered":"<p>Raymundo Morales\/Zona Roja. Oaxaca, Oax., a 19 de octubre de 2025.- A 24 horas despu\u00e9s&hellip;<\/p>\n","protected":false},"author":2,"featured_media":85979,"comment_status":"closed","ping_status":"open","sticky":false,"template":"","format":"standard","meta":{"_lmt_disableupdate":"","_lmt_disable":"","_jetpack_memberships_contains_paid_content":false,"footnotes":""},"categories":[109,46],"tags":[494,803],"class_list":["post-85978","post","type-post","status-publish","format-standard","has-post-thumbnail","hentry","category-minuto-a-minuto","category-zona-blanca","tag-fiscalia-general-del-estado-de-oaxaca","tag-santiago-tenango"],"jetpack_featured_media_url":"https:\/\/zonaroja.com.mx\/wp-content\/uploads\/2025\/10\/Santiago-Tenango.jpg","jetpack_sharing_enabled":true,"_links":{"self":[{"href":"https:\/\/zonaroja.com.mx\/index.php?rest_route=\/wp\/v2\/posts\/85978","targetHints":{"allow":["GET"]}}],"collection":[{"href":"https:\/\/zonaroja.com.mx\/index.php?rest_route=\/wp\/v2\/posts"}],"about":[{"href":"https:\/\/zonaroja.com.mx\/index.php?rest_route=\/wp\/v2\/types\/post"}],"author":[{"embeddable":true,"href":"https:\/\/zonaroja.com.mx\/index.php?rest_route=\/wp\/v2\/users\/2"}],"replies":[{"embeddable":true,"href":"https:\/\/zonaroja.com.mx\/index.php?rest_route=%2Fwp%2Fv2%2Fcomments&post=85978"}],"version-history":[{"count":1,"href":"https:\/\/zonaroja.com.mx\/index.php?rest_route=\/wp\/v2\/posts\/85978\/revisions"}],"predecessor-version":[{"id":85980,"href":"https:\/\/zonaroja.com.mx\/index.php?rest_route=\/wp\/v2\/posts\/85978\/revisions\/85980"}],"wp:featuredmedia":[{"embeddable":true,"href":"https:\/\/zonaroja.com.mx\/index.php?rest_route=\/wp\/v2\/media\/85979"}],"wp:attachment":[{"href":"https:\/\/zonaroja.com.mx\/index.php?rest_route=%2Fwp%2Fv2%2Fmedia&parent=85978"}],"wp:term":[{"taxonomy":"category","embeddable":true,"href":"https:\/\/zonaroja.com.mx\/index.php?rest_route=%2Fwp%2Fv2%2Fcategories&post=85978"},{"taxonomy":"post_tag","embeddable":true,"href":"https:\/\/zonaroja.com.mx\/index.php?rest_route=%2Fwp%2Fv2%2Ftags&post=85978"}],"curies":[{"name":"wp","href":"https:\/\/api.w.org\/{rel}","templated":true}]}}