{"id":85984,"date":"2025-10-20T08:15:00","date_gmt":"2025-10-20T14:15:00","guid":{"rendered":"https:\/\/zonaroja.com.mx\/?p=85984"},"modified":"2025-10-20T07:40:34","modified_gmt":"2025-10-20T13:40:34","slug":"como-de-pelicula-robo-del-siglo-en-siete-minutos-en-el-museo-de-louvre","status":"publish","type":"post","link":"https:\/\/zonaroja.com.mx\/?p=85984","title":{"rendered":"Como de pel\u00edcula, robo del siglo en siete minutos en el Museo de Louvre"},"content":{"rendered":"\n<p>Redacci\u00f3n\/Zona Roja Cdmx.<\/p>\n\n\n\n<p>(Informaci\u00f3n de \u201cEl Financiero\u201d)<\/p>\n\n\n\n<p>Ciudad de M\u00e9xico, a 20 de octubre de 2025.- Un robo de pel\u00edcula en el Museo del Louvre, el m\u00e1s visitado del mundo, dej\u00f3 este domingo una estela de desconcierto entre los turistas que esperaban admirar las joyas de la corona francesa.<\/p>\n\n\n\n<p>En solo siete minutos, un comando de tres o cuatro ladrones profesionales se llev\u00f3 piezas de valor patrimonial incalculable de la Galer\u00eda Apolo, un sal\u00f3n emblem\u00e1tico que guarda parte de las joyas de Napole\u00f3n y la emperatriz Eugenia. Fue un \u201cgran robo\u201d realizado por \u201cun equipo que hizo su tarea\u201d, seg\u00fan dijo Laurent N\u00fa\u00f1ez, ministro del Interior a la emisora de radio France Inter.<\/p>\n\n\n\n<p>El golpe ocurri\u00f3 alrededor de las 09:30 de la ma\u00f1ana (hora local), cuando los intrusos ingresaron por el flanco sur del museo, junto al r\u00edo Sena, utilizando una plataforma elevadora de las que se emplean en mudanzas.<\/p>\n\n\n\n<p>Dos de ellos, vestidos con chalecos amarillos como si fueran obreros, subieron por el montacargas y rompieron con un disco de corte el cristal de una ventana para acceder al primer piso.<\/p>\n\n\n\n<p>Las alarmas del exterior de la ventana de la galer\u00eda se activaron. De inmediato llegaron cinco guardias de seguridad, pero el robo fue \u201cparticularmente r\u00e1pido y violento\u201d, seg\u00fan un comunicado del Ministerio de Cultura.<\/p>\n\n\n\n<p>Seg\u00fan Laurent N\u00fa\u00f1ez, los ladrones actuaron con precisi\u00f3n quir\u00fargica: llegaron en scooters TMax y cortaron el vidrio de las vitrinas. Una vez dentro, fueron directo a las vitrinas de la colecci\u00f3n napole\u00f3nica, donde se apoderaron de entre ocho y diez joyas, todas de valor patrimonial incalculable y procedentes de las colecciones imperiales del siglo XIX<\/p>\n\n\n\n<p>De acuerdo con el Ministerio de Cultura, las piezas robadas pertenec\u00edan a una colecci\u00f3n de 23 objetos vinculados al Segundo Imperio:<\/p>\n\n\n\n<ul class=\"wp-block-list\">\n<li>Tiara perteneciente a las reinas Marie-Am\u00e9lie y Hortense.<\/li>\n<\/ul>\n\n\n\n<ul class=\"wp-block-list\">\n<li>Collar de zafiros de la colecci\u00f3n de Marie-Am\u00e9lie.<\/li>\n<\/ul>\n\n\n\n<ul class=\"wp-block-list\">\n<li>Aretes de zafiros de la misma colecci\u00f3n.<\/li>\n<\/ul>\n\n\n\n<ul class=\"wp-block-list\">\n<li>Collar de esmeraldas perteneciente a Marie-Louise.<\/li>\n<\/ul>\n\n\n\n<ul class=\"wp-block-list\">\n<li>Aretes de esmeraldas de Marie-Louise.<\/li>\n<\/ul>\n\n\n\n<ul class=\"wp-block-list\">\n<li>Broche reliquiario (reliquary brooch).<\/li>\n<\/ul>\n\n\n\n<ul class=\"wp-block-list\">\n<li>Tiara de la emperatriz Eugenia de Montijo, adornada con 1,354 diamantes y 56 esmeraldas (recuperada, aunque da\u00f1ada).<\/li>\n<\/ul>\n\n\n\n<ul class=\"wp-block-list\">\n<li>Gran lazo de corsage de la emperatriz Eugenia.<\/li>\n<\/ul>\n\n\n\n<p>En su escape, dejaron atr\u00e1s herramientas y, sobre todo, la corona de Eugenia de Montijo, la esposa espa\u00f1ola de Napole\u00f3n III, que apareci\u00f3 da\u00f1ada a las afueras del museo.<\/p>\n\n\n\n<p>La joya recuperada es una de las m\u00e1s emblem\u00e1ticas del acervo imperial franc\u00e9s: una corona creada para la Exposici\u00f3n Universal de 1855, engastada con 1,354 diamantes y 56 esmeraldas, recuperada por el Estado franc\u00e9s hace poco m\u00e1s de un siglo tras haber sido vendida durante la Tercera Rep\u00fablica.<\/p>\n\n\n\n<p>El robo, ejecutado a escasos 250 metros de la sala de la Mona Lisa, oblig\u00f3 a cerrar el museo por el resto del d\u00eda y evacuar a miles de visitantes. Videos grabados por turistas muestran el momento en que los empleados desalojan las salas mientras una plataforma elevadora permanec\u00eda apoyada contra la fachada que da al Sena.<\/p>\n\n\n\n<p>No es la primera vez que el Louvre sufre un robo espectacular. En 1911, Vincenzo Peruggia, un obrero italiano, sustrajo la Mona Lisa, que fue recuperada dos a\u00f1os despu\u00e9s en Florencia. En 1998 desapareci\u00f3 un cuadro de Camille Corot, que nunca se recuper\u00f3.<\/p>\n\n\n\n<p>Ahora, m\u00e1s de un siglo despu\u00e9s, los investigadores revisan las c\u00e1maras del ala Denon y el equipo utilizado en la operaci\u00f3n para esclarecer si los ladrones contaron con ayuda interna.<\/p>\n\n\n\n<p>La ministra Rachida Dati reconoci\u00f3 que el ataque, ejecutado sin violencia, muestra una vulnerabilidad \u201cantigua\u201d en los museos franceses.<\/p>\n\n\n\n<p>Mientras la Fiscal\u00eda de Par\u00eds investiga el caso por robo en banda organizada y asociaci\u00f3n de malhechores, expertos advierten que las joyas robadas podr\u00edan ser imposibles de rastrear. \u201cEs probable que las piedras sean cortadas y revendidas\u201d, se\u00f1al\u00f3 Tobias Kormind, director de 77 Diamonds.<\/p>\n","protected":false},"excerpt":{"rendered":"<p>Redacci\u00f3n\/Zona Roja Cdmx. (Informaci\u00f3n de \u201cEl Financiero\u201d) Ciudad de M\u00e9xico, a 20 de octubre de&hellip;<\/p>\n","protected":false},"author":2,"featured_media":85985,"comment_status":"closed","ping_status":"open","sticky":false,"template":"","format":"standard","meta":{"_lmt_disableupdate":"","_lmt_disable":"","_jetpack_memberships_contains_paid_content":false,"footnotes":""},"categories":[109,47],"tags":[4495],"class_list":["post-85984","post","type-post","status-publish","format-standard","has-post-thumbnail","hentry","category-minuto-a-minuto","category-zona-gris","tag-museo-de-louvre"],"jetpack_featured_media_url":"https:\/\/zonaroja.com.mx\/wp-content\/uploads\/2025\/10\/Robo-museo-de-Louvre.jpg","jetpack_sharing_enabled":true,"_links":{"self":[{"href":"https:\/\/zonaroja.com.mx\/index.php?rest_route=\/wp\/v2\/posts\/85984","targetHints":{"allow":["GET"]}}],"collection":[{"href":"https:\/\/zonaroja.com.mx\/index.php?rest_route=\/wp\/v2\/posts"}],"about":[{"href":"https:\/\/zonaroja.com.mx\/index.php?rest_route=\/wp\/v2\/types\/post"}],"author":[{"embeddable":true,"href":"https:\/\/zonaroja.com.mx\/index.php?rest_route=\/wp\/v2\/users\/2"}],"replies":[{"embeddable":true,"href":"https:\/\/zonaroja.com.mx\/index.php?rest_route=%2Fwp%2Fv2%2Fcomments&post=85984"}],"version-history":[{"count":1,"href":"https:\/\/zonaroja.com.mx\/index.php?rest_route=\/wp\/v2\/posts\/85984\/revisions"}],"predecessor-version":[{"id":85986,"href":"https:\/\/zonaroja.com.mx\/index.php?rest_route=\/wp\/v2\/posts\/85984\/revisions\/85986"}],"wp:featuredmedia":[{"embeddable":true,"href":"https:\/\/zonaroja.com.mx\/index.php?rest_route=\/wp\/v2\/media\/85985"}],"wp:attachment":[{"href":"https:\/\/zonaroja.com.mx\/index.php?rest_route=%2Fwp%2Fv2%2Fmedia&parent=85984"}],"wp:term":[{"taxonomy":"category","embeddable":true,"href":"https:\/\/zonaroja.com.mx\/index.php?rest_route=%2Fwp%2Fv2%2Fcategories&post=85984"},{"taxonomy":"post_tag","embeddable":true,"href":"https:\/\/zonaroja.com.mx\/index.php?rest_route=%2Fwp%2Fv2%2Ftags&post=85984"}],"curies":[{"name":"wp","href":"https:\/\/api.w.org\/{rel}","templated":true}]}}