{"id":85998,"date":"2025-10-20T14:39:00","date_gmt":"2025-10-20T20:39:00","guid":{"rendered":"https:\/\/zonaroja.com.mx\/?p=85998"},"modified":"2025-10-20T09:40:57","modified_gmt":"2025-10-20T15:40:57","slug":"analizan-en-mexico-el-periodismo-en-los-tiempos-de-trump","status":"publish","type":"post","link":"https:\/\/zonaroja.com.mx\/?p=85998","title":{"rendered":"Analizan en M\u00e9xico el periodismo en los tiempos de Trump"},"content":{"rendered":"\n<p>Redacci\u00f3n\/Zona Roja Cdmx.<\/p>\n\n\n\n<p>(Informaci\u00f3n de \u201cLa Jornada\u201d)<\/p>\n\n\n\n<p>Ciudad de M\u00e9xico, a 20 de noviembre de 2025.- Bajo la presidencia de Donald Trump en Estados Unidos, \u201cla pol\u00edtica se ha convertido en un entretenimiento\u201d, en el que \u201clo central es la teatralidad y el impacto medi\u00e1tico\u201d.<\/p>\n\n\n\n<p>Con esa reflexi\u00f3n, los periodistas Luis Hern\u00e1ndez Navarro y David Brooks finalizaron la tarde del viernes su participaci\u00f3n en la 25 Feria Internacional del Libro (FIL) Z\u00f3calo Ciudad de M\u00e9xico, la cual concluye este domingo.<\/p>\n\n\n\n<p>Durante la charla El periodismo en la \u00e9poca de Trump y ante un foro lleno, los periodistas de La Jornada desmenuzaron en cerca de una hora la compleja y agresiva relaci\u00f3n del presidente estadunidense con los medios de comunicaci\u00f3n.<\/p>\n\n\n\n<p>Reconocieron su habilidad para convertir la informaci\u00f3n en un espect\u00e1culo y su estrategia de imponer un relato a fuerza de repetici\u00f3n y confrontaci\u00f3n.<\/p>\n\n\n\n<p>Hern\u00e1ndez Navarro, coordinador de Opini\u00f3n de este diario, ilustr\u00f3 la situaci\u00f3n con seis estampas verbales. Una de ellas, narr\u00f3, ocurri\u00f3 este mi\u00e9rcoles, cuando decenas de reporteros, incluidos los de \u201cla reaccionaria cadena Fox News\u201d, entregaron sus credenciales en el Pent\u00e1gono al rechazar las restrictivas reglas del secretario de Guerra, Pete Hegseth, que buscan convertir a la prensa en un \u201cadmin\u00edculo del poder\u201d.<\/p>\n\n\n\n<p>Otra fue la conferencia de prensa de hace unos d\u00edas junto con el presidente argentino, Javier Milei, donde \u00e9ste habl\u00f3 s\u00f3lo un par de ocasiones y Trump durante m\u00e1s de una hora para advertir al pueblo de esa naci\u00f3n sudamericana que no habr\u00eda rescate econ\u00f3mico si su hom\u00f3logo no ganaba las elecciones.<\/p>\n\n\n\n<p>El presidente estadunidense, apunt\u00f3 el periodista, convirti\u00f3 un asunto serio en una frivolidad al coquetear, en la ronda de preguntas, con una reportera y descalificar a ABC News como \u201cfake news\u201d, evitando as\u00ed discutir temas de fondo como la situaci\u00f3n de los indocumentados en su pa\u00eds, la persecuci\u00f3n a migrantes, la separaci\u00f3n de las familias y las c\u00e1rceles existentes.<\/p>\n\n\n\n<p>Para entender la l\u00f3gica de Trump con la prensa, Hern\u00e1ndez Navarro recomend\u00f3 la lectura de Alicia a trav\u00e9s del espejo, novela de Lewis Carroll en la que el personaje Humpty Dumpty, como aquel pol\u00edtico, impone el sentido de las palabras y define lo que existe, sea verdad o no.<\/p>\n\n\n\n<p>En otra estampa, refiri\u00f3 que para Trump los medios son parte del problema, no de la soluci\u00f3n, y evidenci\u00f3 la manera en que los descalifica al tacharlos de mentirosos y \u201cabsolutamente corruptos\u201d.<\/p>\n\n\n\n<p>Hern\u00e1ndez Navarro indic\u00f3 que este a\u00f1o son innumerables los pleitos de Trump con la prensa, desde los sostenidos con medios como The Washington Post y The Wall Street Journal hasta la presi\u00f3n sobre consorcios como Meta para deshacerse de verificadores de informaci\u00f3n.<\/p>\n\n\n\n<p>Todo esto ocurre en un contexto donde s\u00f3lo 30 por ciento de la poblaci\u00f3n estadunidense conf\u00eda en la prensa institucional, enfatiz\u00f3 y resalt\u00f3 que la estrategia trumpiana se basa en elegir a sus entrevistadores, compartimentar el acceso a la Casa Blanca y las conferencias de prensa, decidir qui\u00e9n habla y a qui\u00e9n descalifica, e inventar a sus interlocutores.<\/p>\n\n\n\n<p>\u201cVemos c\u00f3mo se est\u00e1 creando un ecosistema comunicativo d\u00f3cil, cada vez m\u00e1s doblado y apegado a la l\u00f3gica de eso que se nos quiso vender en alguna \u00e9poca como el gran para\u00edso de la prensa libre.\u201d<\/p>\n\n\n\n<p>David Brooks \u2013quien como corresponsal de La Jornada en Estados Unidos, seg\u00fan Hern\u00e1ndez Navarro, \u201cvive en las entra\u00f1as del monstruo\u201d\u2013 agreg\u00f3 que Trump usa tanto los medios tradicionales como los nuevos para transmitir un espect\u00e1culo, \u201cpero con da\u00f1os reales\u201d.<\/p>\n\n\n\n<p>Bajo su gobierno, sostuvo, los libros son un \u201cenemigo\u201d \u2013se han censurado m\u00e1s de 4 mil t\u00edtulos\u2013 y cualquier cr\u00edtica es tachada de \u201cizquierda radical\u201d, un t\u00e9rmino con el que se se\u00f1ala desde al ex presidente Joe Biden hasta a un manifestante en Portland.<\/p>\n\n\n\n<p>El corresponsal refiri\u00f3 un dato que ilustra la crueldad de la actual pol\u00edtica antiinmigrante: al salir diario a la escuela, ni\u00f1os de origen mexicano deben llevar n\u00fameros de tel\u00e9fono de familiares por si sus padres son deportados mientras no est\u00e1n en casa.<\/p>\n\n\n\n<p>Record\u00f3 que desde la primera administraci\u00f3n del magnate, los inmigrantes han sido presentados como un \u201cenemigo interno\u201d, y subray\u00f3 que, frente a ello y otras situaciones, \u00e9l y su colega Jim Carson \u2013 tambi\u00e9n corresponsal de La Jornada en esa naci\u00f3n\u2013, se han visto obligados a usar dos palabras antes innecesarias en sus coberturas period\u00edsticas: \u201cfascismo\u201d y \u201csocialismo\u201d.<\/p>\n\n\n\n<p>Este \u00faltimo t\u00e9rmino, apunt\u00f3, gana terreno en la naci\u00f3n estadunidense: la mayor\u00eda de los j\u00f3venes simpatiza con el socialismo y Bernie Sanders, quien se declara socialista democr\u00e1tico, es el pol\u00edtico electo m\u00e1s popular.<\/p>\n\n\n\n<p>Al respecto, en alusi\u00f3n a Zohran Mamdani, plante\u00f3 la gran posibilidad de que la ciudad de Nueva York elija el 4 de noviembre no solo a un inmigrante, un musulm\u00e1n y un joven, sino a alguien que se dice un socialista democr\u00e1tico, para dirigir la capital del capital. \u201cEsas expresiones \u2013dijo\u2013 tambi\u00e9n se encuentran en Mine\u00e1polis, por todas partes. Entonces, hay que contar las dos partes de esta historia\u201d.<\/p>\n\n\n\n<p>Brooks asegur\u00f3 que la resistencia en Estados Unidos es masiva, y ejemplific\u00f3 con el hecho de que la movilizaci\u00f3n denominada \u201cNo Kings\u201d (No Reyes) reuni\u00f3 en junio a m\u00e1s de 5 millones de personas, siendo la m\u00e1s grande efectuada en un solo d\u00eda en la historia de aquel pa\u00eds.<\/p>\n\n\n\n<p>Tambi\u00e9n resalt\u00f3 la diversidad de las protestas, desde una encabezada por la actriz Jane Fonda hasta gente disfrazada de ranas y vacas frente a centros de detenci\u00f3n, usando la m\u00fasica y la danza como actos de resistencia.<\/p>\n","protected":false},"excerpt":{"rendered":"<p>Redacci\u00f3n\/Zona Roja Cdmx. (Informaci\u00f3n de \u201cLa Jornada\u201d) Ciudad de M\u00e9xico, a 20 de noviembre de&hellip;<\/p>\n","protected":false},"author":2,"featured_media":85999,"comment_status":"closed","ping_status":"open","sticky":false,"template":"","format":"standard","meta":{"_lmt_disableupdate":"","_lmt_disable":"","_jetpack_memberships_contains_paid_content":false,"footnotes":""},"categories":[109,47],"tags":[1060],"class_list":["post-85998","post","type-post","status-publish","format-standard","has-post-thumbnail","hentry","category-minuto-a-minuto","category-zona-gris","tag-donald-trump"],"jetpack_featured_media_url":"https:\/\/zonaroja.com.mx\/wp-content\/uploads\/2025\/10\/Donald-Trump-y-periodistas.webp","jetpack_sharing_enabled":true,"_links":{"self":[{"href":"https:\/\/zonaroja.com.mx\/index.php?rest_route=\/wp\/v2\/posts\/85998","targetHints":{"allow":["GET"]}}],"collection":[{"href":"https:\/\/zonaroja.com.mx\/index.php?rest_route=\/wp\/v2\/posts"}],"about":[{"href":"https:\/\/zonaroja.com.mx\/index.php?rest_route=\/wp\/v2\/types\/post"}],"author":[{"embeddable":true,"href":"https:\/\/zonaroja.com.mx\/index.php?rest_route=\/wp\/v2\/users\/2"}],"replies":[{"embeddable":true,"href":"https:\/\/zonaroja.com.mx\/index.php?rest_route=%2Fwp%2Fv2%2Fcomments&post=85998"}],"version-history":[{"count":1,"href":"https:\/\/zonaroja.com.mx\/index.php?rest_route=\/wp\/v2\/posts\/85998\/revisions"}],"predecessor-version":[{"id":86000,"href":"https:\/\/zonaroja.com.mx\/index.php?rest_route=\/wp\/v2\/posts\/85998\/revisions\/86000"}],"wp:featuredmedia":[{"embeddable":true,"href":"https:\/\/zonaroja.com.mx\/index.php?rest_route=\/wp\/v2\/media\/85999"}],"wp:attachment":[{"href":"https:\/\/zonaroja.com.mx\/index.php?rest_route=%2Fwp%2Fv2%2Fmedia&parent=85998"}],"wp:term":[{"taxonomy":"category","embeddable":true,"href":"https:\/\/zonaroja.com.mx\/index.php?rest_route=%2Fwp%2Fv2%2Fcategories&post=85998"},{"taxonomy":"post_tag","embeddable":true,"href":"https:\/\/zonaroja.com.mx\/index.php?rest_route=%2Fwp%2Fv2%2Ftags&post=85998"}],"curies":[{"name":"wp","href":"https:\/\/api.w.org\/{rel}","templated":true}]}}