{"id":86001,"date":"2025-10-20T10:30:00","date_gmt":"2025-10-20T16:30:00","guid":{"rendered":"https:\/\/zonaroja.com.mx\/?p=86001"},"modified":"2025-10-20T10:46:45","modified_gmt":"2025-10-20T16:46:45","slug":"opinion-las-locuras-de-trump-el-narco-mexico-y-oaxaca","status":"publish","type":"post","link":"https:\/\/zonaroja.com.mx\/?p=86001","title":{"rendered":"Opini\u00f3n. Las locuras de Trump, el narco, M\u00e9xico y Oaxaca"},"content":{"rendered":"\n<p>Ismael Garc\u00eda M.\/Zona Roja.<\/p>\n\n\n\n<p>Oaxaca, Oax., a 20 de octubre de 2025.- En menos de un a\u00f1o, Donald Trump tiene al mundo de cabeza: amenaza a mandatarios, azuza guerras; alienta supuestos acuerdos de paz; incrementa aranceles a quien se le antoje, reta a su principal enemigo en econom\u00eda, China.<\/p>\n\n\n\n<p>Pero, principalmente, libra una guerra sin precedentes en contra del narcotr\u00e1fico y los l\u00edderes criminales m\u00e1s buscados, sobre todo en M\u00e9xico, pa\u00eds por donde pasa la droga, todos los d\u00edas.<\/p>\n\n\n\n<p>\u00bfPero qu\u00e9 ha hecho al interior de su naci\u00f3n norteamericana? Enfrenta repudios cada vez m\u00e1s crecientes, que se han traducido en marchas multitudinarias en diversas ciudades de ese pa\u00eds y del mundo. Y no tiene planes para frenar el consumo de estupefacientes entre los suyos.<\/p>\n\n\n\n<p>En segundo mandato, Donald Trump ha impuesto ultim\u00e1tum a gobiernos latinoamericanos y del otro lado del continente; su m\u00e1s reciente agresi\u00f3n verbal y amenazas es contra Colombia.<\/p>\n\n\n\n<p>\u00bfLocuras? O amagues efectivos para que el mundo se arrodille ante quien a\u00fan se considera el pa\u00eds m\u00e1s poderoso del orbe. \u00bfPero han dado alg\u00fan resultado?<\/p>\n\n\n\n<p>Su m\u00e1s reciente \u201c\u00e9xito\u201d, el acuerdo de paz entre Ham\u00e1s e Israel, as\u00ed como el intercambio de rehenes, pero en cuyas zonas no cesan los ataques armados; ahora dice que busca pacificar a Rusia con Ucrania\u2026 \u00bfy despu\u00e9s controlar al mundo?<\/p>\n\n\n\n<p>SHEINBAUM BAJO FUEGO<\/p>\n\n\n\n<p>Desde el d\u00eda que tom\u00f3 posesi\u00f3n del cargo, el 20 de enero de este a\u00f1o, el miembro del Partido Republicano no ha cesado su diarrea verbal contra todo aquel que se oponga a sus designios, incluso de su pa\u00eds.<\/p>\n\n\n\n<p>Apenas iniciando su mandato, a Claudia Sheinbaum Pardo la amenaz\u00f3 con incrementar aranceles y combatir a los narcotraficantes mexicanos desde este pa\u00eds con sus fuerzas armadas y organismos de inteligencia.<\/p>\n\n\n\n<p>Bast\u00f3 para que la Presidenta de M\u00e9xico, tambi\u00e9n reci\u00e9n iniciado su cargo, permitiera que Estados Unidos se involucrara directamente en el combate al crimen organizado.<\/p>\n\n\n\n<p>Uno de los principales resultados es que, ahora s\u00ed, el gobierno mexicano est\u00e1 trabajando de manera intensa para combatir los il\u00edcitos.<\/p>\n\n\n\n<p>Y ha desnudado tambi\u00e9n parte de las m\u00faltiples mentiras de Andr\u00e9s Manuel L\u00f3pez Obrador, quien repet\u00eda a cada rato que, desde que lleg\u00f3 al poder, ya no hab\u00eda \u201chuachicol\u201d, ya no hab\u00eda laboratorios de fentanilo, ya no hab\u00eda grupos criminales, pero en su sexenio hasta consinti\u00f3 a capos y sus familiares. No los toc\u00f3 ni con el p\u00e9talo de un se\u00f1alamiento discursivo. <\/p>\n\n\n\n<p>En menos de un a\u00f1o, ya sabemos oficialmente que el pa\u00eds est\u00e1 inundado de drogas, de c\u00e1rteles poderosos, de robo de combustibles por doquier.<\/p>\n\n\n\n<p>Y el gabinete de seguridad federal ha tenido que enfrentar la problem\u00e1tica y acelerar los operativos y las detenciones.<\/p>\n\n\n\n<p>Incluso se ha visto obligada a entregar a m\u00e1s de 30 principales capos mexicanos a los Estados Unidos, para que ah\u00ed sean enjuiciados.<\/p>\n\n\n\n<p>Tal es el miedo que no hay d\u00eda que la Secretar\u00eda de Seguridad y Protecci\u00f3n de M\u00e9xico no reporte detenciones relevantes, principalmente en el norte de M\u00e9xico, porque en el centro y sur o sur-sureste ha habido pocos casos.<\/p>\n\n\n\n<p>\u00bfY OAXACA?<\/p>\n\n\n\n<p>\u00bfY qu\u00e9 tiene que ver Oaxaca con Donald Trump? Bueno, principalmente en la lucha contra el crimen organizado.<\/p>\n\n\n\n<p>No precisamente por \u00f3rdenes directas del presidente norteamericano pero s\u00ed bajo directrices del Gobierno de la Rep\u00fablica, que&nbsp; a su vez ha estado presionada por la autoridad del vecino pa\u00eds.<\/p>\n\n\n\n<p>As\u00ed, a trav\u00e9s de la Fiscal\u00eda General del Estado de Oaxaca, as\u00ed como de la Secretar\u00eda de Seguridad y Protecci\u00f3n Ciudadana, y con el apoyo de la Marina y del Ej\u00e9rcito Mexicano, se han intensificado los cateos.<\/p>\n\n\n\n<p>No hay semana en que no se detallen operativos acerca de detenciones y revisiones de \u201cnarcotiendas\u201d o sitios de venta de drogas, como inform\u00f3 este lunes con la incautaci\u00f3n de al menos 100 kilos de estupefacientes y dos detenciones en el Istmo.<\/p>\n\n\n\n<p>Sin embargo, parad\u00f3jicamente, los tres niveles de gobierno no han podido con la extrema violencia en zonas conflictivas de siempre, como es el caso de Juchit\u00e1n, donde no solamente hay ejecuciones cotidianas, sino tambi\u00e9n asaltos y principalmente extorsiones a comercios.<\/p>\n\n\n\n<p>O Santiago Jamiltepec y Pinotepa Nacional, donde continuamente hay tambi\u00e9n delitos de alto impacto.<\/p>\n\n\n\n<p>Lamentablemente tuvo que venir la presi\u00f3n del gobierno estadounidense para que se hiciera algo al respecto en el combate al narcotr\u00e1fico. Lamentablemente M\u00e9xico, como Oaxaca, ya no es solamente paso de drogas, sino de alto consumo.<\/p>\n\n\n\n<p>Pero, en el caso de Estados Unidos, \u00bfcuando va a frenar el incesante consumo de drogas? \u00bfY cu\u00e1ndo enfrentar\u00e1 a los c\u00e1rteles estadounidenses? O la t\u00e1ctica es acabar con los criminales de otros pa\u00edses, para que s\u00f3lo dominen ellos y acaparen todo el mercado.<\/p>\n","protected":false},"excerpt":{"rendered":"<p>Ismael Garc\u00eda M.\/Zona Roja. Oaxaca, Oax., a 20 de octubre de 2025.- En menos de&hellip;<\/p>\n","protected":false},"author":2,"featured_media":67529,"comment_status":"closed","ping_status":"open","sticky":false,"template":"","format":"standard","meta":{"_lmt_disableupdate":"","_lmt_disable":"","_jetpack_memberships_contains_paid_content":false,"footnotes":""},"categories":[456,109,48],"tags":[1353],"class_list":["post-86001","post","type-post","status-publish","format-standard","has-post-thumbnail","hentry","category-columna","category-minuto-a-minuto","category-zona-critica","tag-opinion-zona-critica"],"jetpack_featured_media_url":"https:\/\/zonaroja.com.mx\/wp-content\/uploads\/2024\/04\/Opinion-Zona-Critica-Ismael-Garcia.jpg","jetpack_sharing_enabled":true,"_links":{"self":[{"href":"https:\/\/zonaroja.com.mx\/index.php?rest_route=\/wp\/v2\/posts\/86001","targetHints":{"allow":["GET"]}}],"collection":[{"href":"https:\/\/zonaroja.com.mx\/index.php?rest_route=\/wp\/v2\/posts"}],"about":[{"href":"https:\/\/zonaroja.com.mx\/index.php?rest_route=\/wp\/v2\/types\/post"}],"author":[{"embeddable":true,"href":"https:\/\/zonaroja.com.mx\/index.php?rest_route=\/wp\/v2\/users\/2"}],"replies":[{"embeddable":true,"href":"https:\/\/zonaroja.com.mx\/index.php?rest_route=%2Fwp%2Fv2%2Fcomments&post=86001"}],"version-history":[{"count":2,"href":"https:\/\/zonaroja.com.mx\/index.php?rest_route=\/wp\/v2\/posts\/86001\/revisions"}],"predecessor-version":[{"id":86005,"href":"https:\/\/zonaroja.com.mx\/index.php?rest_route=\/wp\/v2\/posts\/86001\/revisions\/86005"}],"wp:featuredmedia":[{"embeddable":true,"href":"https:\/\/zonaroja.com.mx\/index.php?rest_route=\/wp\/v2\/media\/67529"}],"wp:attachment":[{"href":"https:\/\/zonaroja.com.mx\/index.php?rest_route=%2Fwp%2Fv2%2Fmedia&parent=86001"}],"wp:term":[{"taxonomy":"category","embeddable":true,"href":"https:\/\/zonaroja.com.mx\/index.php?rest_route=%2Fwp%2Fv2%2Fcategories&post=86001"},{"taxonomy":"post_tag","embeddable":true,"href":"https:\/\/zonaroja.com.mx\/index.php?rest_route=%2Fwp%2Fv2%2Ftags&post=86001"}],"curies":[{"name":"wp","href":"https:\/\/api.w.org\/{rel}","templated":true}]}}