{"id":86003,"date":"2025-10-20T14:51:00","date_gmt":"2025-10-20T20:51:00","guid":{"rendered":"https:\/\/zonaroja.com.mx\/?p=86003"},"modified":"2025-10-20T09:51:58","modified_gmt":"2025-10-20T15:51:58","slug":"ayuntamientos-de-oaxaca-obligados-a-asignar-recursos-para-combatir-violencia-de-genero","status":"publish","type":"post","link":"https:\/\/zonaroja.com.mx\/?p=86003","title":{"rendered":"Ayuntamientos de Oaxaca, obligados a asignar recursos para combatir violencia de g\u00e9nero"},"content":{"rendered":"\n<p>Redacci\u00f3n\/Zona Roja.<\/p>\n\n\n\n<p>Oaxaca, Oax., a 20 de octubre de 2025.- Con el prop\u00f3sito de establecer que los ayuntamientos destinen en su Presupuesto de Egresos recursos espec\u00edficos para la prevenci\u00f3n, atenci\u00f3n, sanci\u00f3n y erradicaci\u00f3n de la violencia contra las mujeres, la 66 Legislatura del Congreso de Oaxaca aprob\u00f3 una reforma al primer p\u00e1rrafo del art\u00edculo 127 de la Ley Org\u00e1nica Municipal del Estado.&nbsp;<\/p>\n\n\n\n<p>El dictamen presentado por la Comisi\u00f3n Permanente de Fortalecimiento y Asuntos Municipales, busca que las autoridades municipales asuman su responsabilidad en la protecci\u00f3n de los derechos de este sector de la poblaci\u00f3n mediante acciones concretas y sostenidas que contribuyan a eliminar toda forma de violencia.<\/p>\n\n\n\n<p>De ah\u00ed la importancia de que los gobiernos locales destinen los recursos necesarios para fortalecer la coordinaci\u00f3n con el Estado y la Federaci\u00f3n, garantizando resultados efectivos en la implementaci\u00f3n de pol\u00edticas p\u00fablicas que promuevan la igualdad, la justicia y el respeto a los derechos humanos.<\/p>\n\n\n\n<p>De esta manera, los municipios deber\u00e1n formular su presupuesto conforme a los principios de austeridad, planeaci\u00f3n, eficiencia, eficacia, econom\u00eda, transparencia y honradez, asegurando el uso adecuado de los recursos p\u00fablicos destinados a este fin.<\/p>\n\n\n\n<p>De acuerdo con datos del Instituto Nacional de Estad\u00edstica y Geograf\u00eda (Inegi), el 63.7% de las oaxaque\u00f1as mayores de 15 a\u00f1os ha experimentado alg\u00fan tipo de violencia, lo que equivale a 965 mil de un total de 1.5 millones de mujeres en el estado, cifra que refleja la urgencia de reforzar las acciones institucionales para erradicar esta problem\u00e1tica.<\/p>\n\n\n\n<p>Asimismo, la reforma armoniza la legislaci\u00f3n local con el Art\u00edculo 1\u00b0 de la Carta Magna y el Art\u00edculo 12 p\u00e1rrafo d\u00e9cimo cuarto de la Constituci\u00f3n local, y con instrumentos internacionales como la Convenci\u00f3n sobre la Eliminaci\u00f3n de todas las Formas de Discriminaci\u00f3n contra la Mujer (CEDAW) y la Convenci\u00f3n de Bel\u00e9m do Par\u00e1, que obligan al Estado mexicano a garantizar una Vida Libre de Violencia para todas las mujeres.<\/p>\n\n\n\n<p>El proyecto de decreto fue aprobado con 30 votos a favor en Sesi\u00f3n Extraordinaria del pasado 30 de septiembre.<\/p>\n","protected":false},"excerpt":{"rendered":"<p>Redacci\u00f3n\/Zona Roja. Oaxaca, Oax., a 20 de octubre de 2025.- Con el prop\u00f3sito de establecer&hellip;<\/p>\n","protected":false},"author":2,"featured_media":82541,"comment_status":"closed","ping_status":"open","sticky":false,"template":"","format":"standard","meta":{"_lmt_disableupdate":"","_lmt_disable":"","_jetpack_memberships_contains_paid_content":false,"footnotes":""},"categories":[109,46],"tags":[303],"class_list":["post-86003","post","type-post","status-publish","format-standard","has-post-thumbnail","hentry","category-minuto-a-minuto","category-zona-blanca","tag-congreso-del-estado-de-oaxaca"],"jetpack_featured_media_url":"https:\/\/zonaroja.com.mx\/wp-content\/uploads\/2025\/07\/Dip-Benjamin-Viveros-Montalvo_Iniciativa-Ley-Organica-del-Congreso.jpg","jetpack_sharing_enabled":true,"_links":{"self":[{"href":"https:\/\/zonaroja.com.mx\/index.php?rest_route=\/wp\/v2\/posts\/86003","targetHints":{"allow":["GET"]}}],"collection":[{"href":"https:\/\/zonaroja.com.mx\/index.php?rest_route=\/wp\/v2\/posts"}],"about":[{"href":"https:\/\/zonaroja.com.mx\/index.php?rest_route=\/wp\/v2\/types\/post"}],"author":[{"embeddable":true,"href":"https:\/\/zonaroja.com.mx\/index.php?rest_route=\/wp\/v2\/users\/2"}],"replies":[{"embeddable":true,"href":"https:\/\/zonaroja.com.mx\/index.php?rest_route=%2Fwp%2Fv2%2Fcomments&post=86003"}],"version-history":[{"count":1,"href":"https:\/\/zonaroja.com.mx\/index.php?rest_route=\/wp\/v2\/posts\/86003\/revisions"}],"predecessor-version":[{"id":86004,"href":"https:\/\/zonaroja.com.mx\/index.php?rest_route=\/wp\/v2\/posts\/86003\/revisions\/86004"}],"wp:featuredmedia":[{"embeddable":true,"href":"https:\/\/zonaroja.com.mx\/index.php?rest_route=\/wp\/v2\/media\/82541"}],"wp:attachment":[{"href":"https:\/\/zonaroja.com.mx\/index.php?rest_route=%2Fwp%2Fv2%2Fmedia&parent=86003"}],"wp:term":[{"taxonomy":"category","embeddable":true,"href":"https:\/\/zonaroja.com.mx\/index.php?rest_route=%2Fwp%2Fv2%2Fcategories&post=86003"},{"taxonomy":"post_tag","embeddable":true,"href":"https:\/\/zonaroja.com.mx\/index.php?rest_route=%2Fwp%2Fv2%2Ftags&post=86003"}],"curies":[{"name":"wp","href":"https:\/\/api.w.org\/{rel}","templated":true}]}}