{"id":86006,"date":"2025-10-20T17:11:59","date_gmt":"2025-10-20T23:11:59","guid":{"rendered":"https:\/\/zonaroja.com.mx\/?p=86006"},"modified":"2025-10-20T17:12:01","modified_gmt":"2025-10-20T23:12:01","slug":"identifican-a-taxista-ejecutado-en-el-municipio-de-matias-romero","status":"publish","type":"post","link":"https:\/\/zonaroja.com.mx\/?p=86006","title":{"rendered":"Identifican a taxista ejecutado en el municipio de Mat\u00edas Romero"},"content":{"rendered":"\n<p>Raymundo Morales\/Zona Roja.<\/p>\n\n\n\n<p>Oaxaca, Oax., a 20 de octubre de 2025.- Como Alexis P. V., de aproximadamente 25 a\u00f1os de edad, fue identificado el taxista asesinado este lunes en el municipio istme\u00f1o de Mat\u00edas Romero Avenda\u00f1o.<\/p>\n\n\n\n<p>El individuo fue agredido a balazos cuando transitaba sobre la avenida Las Rosas a bordo de su unidad de motor del servicio de alquiler, del sitio \u201cDemetrio Valle Independiente\u201d, con n\u00famero econ\u00f3mico 05-031TX.<\/p>\n\n\n\n<p>Sujetos armados le dispararon de manera directa, por lo cual perdi\u00f3 la vida al instante, a causa de varios impactos de arma de grueso calibre.<\/p>\n\n\n\n<p>Familiares arribaron al sitio y pidieron la ayuda de cuerpos de auxilio, mientras que polic\u00edas municipales s\u00f3lo se dedicaron a resguardar el \u00e1rea del crimen, sin realizar operativos de b\u00fasqueda.<\/p>\n\n\n\n<p>Se inform\u00f3 que la v\u00edctima ten\u00eda su domicilio en la colonia Robles Oriente de Mat\u00edas Romero; peritos y agentes de investigaci\u00f3n de la Vicefiscal\u00eda Regional del Istmo, dependiente de la Fiscal\u00eda General del Estado de Oaxaca, arribaron al sitio para iniciar las diligencias.<\/p>\n","protected":false},"excerpt":{"rendered":"<p>Raymundo Morales\/Zona Roja. Oaxaca, Oax., a 20 de octubre de 2025.- Como Alexis P. V.,&hellip;<\/p>\n","protected":false},"author":2,"featured_media":86007,"comment_status":"closed","ping_status":"open","sticky":false,"template":"","format":"standard","meta":{"_lmt_disableupdate":"","_lmt_disable":"","_jetpack_memberships_contains_paid_content":false,"footnotes":""},"categories":[109,51],"tags":[4054],"class_list":["post-86006","post","type-post","status-publish","format-standard","has-post-thumbnail","hentry","category-minuto-a-minuto","category-zona-roja","tag-asesinato-matias-romero"],"jetpack_featured_media_url":"https:\/\/zonaroja.com.mx\/wp-content\/uploads\/2025\/10\/Ejecutado-Matias-Romero-taxista.jpeg","jetpack_sharing_enabled":true,"_links":{"self":[{"href":"https:\/\/zonaroja.com.mx\/index.php?rest_route=\/wp\/v2\/posts\/86006","targetHints":{"allow":["GET"]}}],"collection":[{"href":"https:\/\/zonaroja.com.mx\/index.php?rest_route=\/wp\/v2\/posts"}],"about":[{"href":"https:\/\/zonaroja.com.mx\/index.php?rest_route=\/wp\/v2\/types\/post"}],"author":[{"embeddable":true,"href":"https:\/\/zonaroja.com.mx\/index.php?rest_route=\/wp\/v2\/users\/2"}],"replies":[{"embeddable":true,"href":"https:\/\/zonaroja.com.mx\/index.php?rest_route=%2Fwp%2Fv2%2Fcomments&post=86006"}],"version-history":[{"count":1,"href":"https:\/\/zonaroja.com.mx\/index.php?rest_route=\/wp\/v2\/posts\/86006\/revisions"}],"predecessor-version":[{"id":86008,"href":"https:\/\/zonaroja.com.mx\/index.php?rest_route=\/wp\/v2\/posts\/86006\/revisions\/86008"}],"wp:featuredmedia":[{"embeddable":true,"href":"https:\/\/zonaroja.com.mx\/index.php?rest_route=\/wp\/v2\/media\/86007"}],"wp:attachment":[{"href":"https:\/\/zonaroja.com.mx\/index.php?rest_route=%2Fwp%2Fv2%2Fmedia&parent=86006"}],"wp:term":[{"taxonomy":"category","embeddable":true,"href":"https:\/\/zonaroja.com.mx\/index.php?rest_route=%2Fwp%2Fv2%2Fcategories&post=86006"},{"taxonomy":"post_tag","embeddable":true,"href":"https:\/\/zonaroja.com.mx\/index.php?rest_route=%2Fwp%2Fv2%2Ftags&post=86006"}],"curies":[{"name":"wp","href":"https:\/\/api.w.org\/{rel}","templated":true}]}}