{"id":86009,"date":"2025-10-20T17:33:20","date_gmt":"2025-10-20T23:33:20","guid":{"rendered":"https:\/\/zonaroja.com.mx\/?p=86009"},"modified":"2025-10-20T17:33:22","modified_gmt":"2025-10-20T23:33:22","slug":"resurgen-protestas-del-transporte-urbano-contra-secretaria-de-movilidad","status":"publish","type":"post","link":"https:\/\/zonaroja.com.mx\/?p=86009","title":{"rendered":"Resurgen protestas del transporte urbano contra Secretar\u00eda de Movilidad"},"content":{"rendered":"\n<p>Lisbeth Mej\u00eda Reyes\/Zona Roja.<\/p>\n\n\n\n<p>Oaxaca, Oax., a 20 de octubre de 2025.- Este lunes, decenas de conductores del transporte urbano de la ciudad de Oaxaca se manifestaron para denunciar que la implementaci\u00f3n del Binnibus atenta contra sus derechos laborales.&nbsp;<\/p>\n\n\n\n<p>Por esto tambi\u00e9n, junto con los concesionarios, interpusieron una queja ante la Defensor\u00eda de los Derechos Humanos del Pueblo de Oaxaca (DDHPO), en contra del gobierno estatal, la Secretar\u00eda de Movilidad y el Congreso local.&nbsp;<\/p>\n\n\n\n<p>La manifestaci\u00f3n fue por parte de conductores de las l\u00edneas Choferes del Sur y Transportes Urbanos y Suburbanos Guelatao (Tusug), que en los \u00faltimos meses han mantenido su desacuerdo con la ampliaci\u00f3n del Binnibus (antes Citybus), sistema operado por el gobierno estatal.<\/p>\n\n\n\n<p>La protesta incluy\u00f3 la suspensi\u00f3n moment\u00e1nea del servicio en varias rutas de estas empresas, debido a que los choferes estacionaron sus unidades en la carretera federal 190, a la altura de Santa Mar\u00eda Ixcotel y cerca del estadio de b\u00e9isbol \u201cEduardo Vasconcelos\u201d, en la capital.<\/p>\n\n\n\n<p>Respaldados por la Confederaci\u00f3n Revolucionaria de Obreros y Campesinos (CROC) en el estado de Oaxaca, acusaron que el congreso modific\u00f3 la Ley de Movilidad afectado las concesiones de las empresas transportistas y con ello a los conductores.<\/p>\n\n\n\n<p>Adem\u00e1s de que el gobierno estatal, a trav\u00e9s de la Secretar\u00eda de Movilidad, ha implementado rutas en donde ya existen las del transporte urbano, lo que afecta a los transportistas.<\/p>\n\n\n\n<p>En cuanto a las concesiones, explicaron que con la reforma del Congreso se han puesto requisitos que son dif\u00edciles de cumplir en el corto plazo por parte de las concesionarias. Por ejemplo, para la renovaci\u00f3n del parque vehicular.<\/p>\n\n\n\n<p>A esto se suma la intenci\u00f3n de que dejen de ser concesionarias para ser permisionarias. Es decir, dejar\u00edan de tener exclusividad en las rutas.<\/p>\n\n\n\n<p>Adem\u00e1s de las quejas ante la Defensor\u00eda de los Derechos Humanos del Pueblo de Oaxaca, los conductores contemplan llevar su caso ante la Comisi\u00f3n Nacional de los Derechos Humanos e incluso al \u00e1mbito internacional.<\/p>\n\n\n\n<p>Hasta ahora, el gobierno estatal no se ha pronunciado por la protesta de los conductores.<\/p>\n\n\n\n<p>Sin embargo, desde la poblaci\u00f3n en general, la manifestaci\u00f3n encontr\u00f3 cuestionamientos y cr\u00edticas. En redes sociales, por ejemplo, se cuestion\u00f3 a los conductores y a las empresas por el mal estado de las unidades que prestan el servicio, tambi\u00e9n por la manera de conducir y por los m\u00faltiples accidentes viales en que se han visto involucrados.<\/p>\n","protected":false},"excerpt":{"rendered":"<p>Lisbeth Mej\u00eda Reyes\/Zona Roja. Oaxaca, Oax., a 20 de octubre de 2025.- Este lunes, decenas&hellip;<\/p>\n","protected":false},"author":2,"featured_media":86010,"comment_status":"closed","ping_status":"open","sticky":false,"template":"","format":"standard","meta":{"_lmt_disableupdate":"","_lmt_disable":"","_jetpack_memberships_contains_paid_content":false,"footnotes":""},"categories":[109,47],"tags":[],"class_list":["post-86009","post","type-post","status-publish","format-standard","has-post-thumbnail","hentry","category-minuto-a-minuto","category-zona-gris"],"jetpack_featured_media_url":"https:\/\/zonaroja.com.mx\/wp-content\/uploads\/2025\/10\/Protesta-de-choferes-y-concesionarios-camiones-urbanos-Oaxaca.jpg","jetpack_sharing_enabled":true,"_links":{"self":[{"href":"https:\/\/zonaroja.com.mx\/index.php?rest_route=\/wp\/v2\/posts\/86009","targetHints":{"allow":["GET"]}}],"collection":[{"href":"https:\/\/zonaroja.com.mx\/index.php?rest_route=\/wp\/v2\/posts"}],"about":[{"href":"https:\/\/zonaroja.com.mx\/index.php?rest_route=\/wp\/v2\/types\/post"}],"author":[{"embeddable":true,"href":"https:\/\/zonaroja.com.mx\/index.php?rest_route=\/wp\/v2\/users\/2"}],"replies":[{"embeddable":true,"href":"https:\/\/zonaroja.com.mx\/index.php?rest_route=%2Fwp%2Fv2%2Fcomments&post=86009"}],"version-history":[{"count":1,"href":"https:\/\/zonaroja.com.mx\/index.php?rest_route=\/wp\/v2\/posts\/86009\/revisions"}],"predecessor-version":[{"id":86011,"href":"https:\/\/zonaroja.com.mx\/index.php?rest_route=\/wp\/v2\/posts\/86009\/revisions\/86011"}],"wp:featuredmedia":[{"embeddable":true,"href":"https:\/\/zonaroja.com.mx\/index.php?rest_route=\/wp\/v2\/media\/86010"}],"wp:attachment":[{"href":"https:\/\/zonaroja.com.mx\/index.php?rest_route=%2Fwp%2Fv2%2Fmedia&parent=86009"}],"wp:term":[{"taxonomy":"category","embeddable":true,"href":"https:\/\/zonaroja.com.mx\/index.php?rest_route=%2Fwp%2Fv2%2Fcategories&post=86009"},{"taxonomy":"post_tag","embeddable":true,"href":"https:\/\/zonaroja.com.mx\/index.php?rest_route=%2Fwp%2Fv2%2Ftags&post=86009"}],"curies":[{"name":"wp","href":"https:\/\/api.w.org\/{rel}","templated":true}]}}