{"id":86015,"date":"2025-10-20T21:27:47","date_gmt":"2025-10-21T03:27:47","guid":{"rendered":"https:\/\/zonaroja.com.mx\/?p=86015"},"modified":"2025-10-20T21:27:49","modified_gmt":"2025-10-21T03:27:49","slug":"ordena-tribunal-a-concejo-electoral-mazatlan-mixe-inscribir-a-planilla","status":"publish","type":"post","link":"https:\/\/zonaroja.com.mx\/?p=86015","title":{"rendered":"Ordena Tribunal a Concejo Electoral Mazatl\u00e1n Mixe inscribir a planilla"},"content":{"rendered":"\n<p>Redacci\u00f3n\/Zona Roja.<\/p>\n\n\n\n<p>Oaxaca Oax., a 20 de octubre de 2025.- En sesi\u00f3n p\u00fablica, el pleno del Tribunal Electoral del Estado de Oaxaca (TEEO) orden\u00f3 al Consejo Municipal Electoral del municipio de San Juan Mazatl\u00e1n Mixe, registrar de manera inmediata a un aspirante a candidato como primer concejal propietario de la planilla naranja.<\/p>\n\n\n\n<p>A trav\u00e9s del Juicio de la Ciudadan\u00eda identificado con la clave: JDCI\/163\/2025, el \u00f3rgano expuso que quienes negaron dicho registro fueron 16 autoridades auxiliares comunitarias que carec\u00edan de facultades para intervenir en la materia, y no el Consejo Electoral.&nbsp;<\/p>\n\n\n\n<p>Lo anterior, supuso una intromisi\u00f3n en la autonom\u00eda del \u00f3rgano electoral y transgredi\u00f3 el principio de legalidad, indic\u00f3 el TEEO.&nbsp;<\/p>\n\n\n\n<p>Adem\u00e1s, advirti\u00f3 un trato desigual hacia la planilla naranja, ya que, otras planillas que presentaron mayores deficiencias fueron registradas.&nbsp;<\/p>\n\n\n\n<p>Por unanimidad, este \u00d3rgano Jurisdiccional revoc\u00f3 la negativa de registro y orden\u00f3 al Consejo Electoral expida la constancia respectiva a la planilla naranja, a fin de que pueda difundir su plan de trabajo en las comunidades que integran el municipio.<\/p>\n","protected":false},"excerpt":{"rendered":"<p>Redacci\u00f3n\/Zona Roja. Oaxaca Oax., a 20 de octubre de 2025.- En sesi\u00f3n p\u00fablica, el pleno&hellip;<\/p>\n","protected":false},"author":2,"featured_media":67970,"comment_status":"closed","ping_status":"open","sticky":false,"template":"","format":"standard","meta":{"_lmt_disableupdate":"","_lmt_disable":"","_jetpack_memberships_contains_paid_content":false,"footnotes":""},"categories":[109,46],"tags":[933,2235],"class_list":["post-86015","post","type-post","status-publish","format-standard","has-post-thumbnail","hentry","category-minuto-a-minuto","category-zona-blanca","tag-san-juan-mazatlan-mixe","tag-tribunal-electoral-del-estado-de-oaxaca-teeo"],"jetpack_featured_media_url":"https:\/\/zonaroja.com.mx\/wp-content\/uploads\/2024\/05\/San-Juan-Mazatlan-Mixe.jpg","jetpack_sharing_enabled":true,"_links":{"self":[{"href":"https:\/\/zonaroja.com.mx\/index.php?rest_route=\/wp\/v2\/posts\/86015","targetHints":{"allow":["GET"]}}],"collection":[{"href":"https:\/\/zonaroja.com.mx\/index.php?rest_route=\/wp\/v2\/posts"}],"about":[{"href":"https:\/\/zonaroja.com.mx\/index.php?rest_route=\/wp\/v2\/types\/post"}],"author":[{"embeddable":true,"href":"https:\/\/zonaroja.com.mx\/index.php?rest_route=\/wp\/v2\/users\/2"}],"replies":[{"embeddable":true,"href":"https:\/\/zonaroja.com.mx\/index.php?rest_route=%2Fwp%2Fv2%2Fcomments&post=86015"}],"version-history":[{"count":1,"href":"https:\/\/zonaroja.com.mx\/index.php?rest_route=\/wp\/v2\/posts\/86015\/revisions"}],"predecessor-version":[{"id":86016,"href":"https:\/\/zonaroja.com.mx\/index.php?rest_route=\/wp\/v2\/posts\/86015\/revisions\/86016"}],"wp:featuredmedia":[{"embeddable":true,"href":"https:\/\/zonaroja.com.mx\/index.php?rest_route=\/wp\/v2\/media\/67970"}],"wp:attachment":[{"href":"https:\/\/zonaroja.com.mx\/index.php?rest_route=%2Fwp%2Fv2%2Fmedia&parent=86015"}],"wp:term":[{"taxonomy":"category","embeddable":true,"href":"https:\/\/zonaroja.com.mx\/index.php?rest_route=%2Fwp%2Fv2%2Fcategories&post=86015"},{"taxonomy":"post_tag","embeddable":true,"href":"https:\/\/zonaroja.com.mx\/index.php?rest_route=%2Fwp%2Fv2%2Ftags&post=86015"}],"curies":[{"name":"wp","href":"https:\/\/api.w.org\/{rel}","templated":true}]}}