{"id":86019,"date":"2025-10-21T07:15:00","date_gmt":"2025-10-21T13:15:00","guid":{"rendered":"https:\/\/zonaroja.com.mx\/?p=86019"},"modified":"2025-10-21T07:04:41","modified_gmt":"2025-10-21T13:04:41","slug":"lluvias-dejan-una-menor-fallecida-y-danos-en-tres-regiones-de-oaxaca","status":"publish","type":"post","link":"https:\/\/zonaroja.com.mx\/?p=86019","title":{"rendered":"Lluvias dejan una menor fallecida y da\u00f1os en tres regiones de Oaxaca"},"content":{"rendered":"\n<p>Raymundo Morales\/Zona Roja.<\/p>\n\n\n\n<p>Oaxaca, Oax., a 21 de octubre de 2025.- Las recientes lluvias en Oaxaca originaron el deceso de una menor de edad, desgajamiento de cerros y da\u00f1os a carreteras, en las regiones Sierra de Flores Mag\u00f3n, Sierra Sur y Cuenca del Papaloapan.<\/p>\n\n\n\n<p>La Coordinaci\u00f3n Estatal de Protecci\u00f3n Civil y Gesti\u00f3n de Riesgos confirm\u00f3 anoche el fallecimiento de una ni\u00f1a de siete a\u00f1os de edad por el deslave de un cerro en la agencia Agua de la Rosa, perteneciente al municipio de Huautla de Jim\u00e9nez.<\/p>\n\n\n\n<p>Indic\u00f3 que este incidente se registr\u00f3 en el paraje del \u201cPante\u00f3n\u201d, sobre el camino que comunica a las poblaciones de Agua de la Rosa y Agua de Hueso, en el que inicialmente se reportaron seis personas lesionadas, tres de ellas est\u00e1n fueron trasladadas en ambulancias al Hospital \u201cSagrado Coraz\u00f3n de Jes\u00fas\u201d, en Tehuac\u00e1n, Puebla.<\/p>\n\n\n\n<p>El resto permanece en el Hospital del IMSS n\u00famero 43 de Huautla, donde reciben atenci\u00f3n m\u00e9dica.<\/p>\n\n\n\n<p>En un comunicado, detall\u00f3 que al lugar acudieron autoridades municipales, personal de Protecci\u00f3n Civil y habitantes de Huautla de Jim\u00e9nez, quienes brindaron apoyo inmediato a las familias afectadas y atienden las labores de auxilio.<\/p>\n\n\n\n<p>EN ZENZONTEPEC<\/p>\n\n\n\n<p>Por otra parte, en la agencia de Piedra Grande, municipio de Santa Cruz Zenzontepec, en la regi\u00f3n Sierra Sur, se registr\u00f3 otro deslizamiento de ladera, por lo que Protecci\u00f3n Civil determin\u00f3 la evacuaci\u00f3n de nueve viviendas que se encuentran en riesgo y afectan a 47 personas, entre ellas 11 ni\u00f1as y ni\u00f1os, as\u00ed como una mujer embarazada. &nbsp;<\/p>\n\n\n\n<p>Asimismo, identific\u00f3 un poste de energ\u00eda el\u00e9ctrica en riesgo de colapso que podr\u00eda afectar a m\u00e1s de 20 viviendas, adem\u00e1s, un tubo de agua potable da\u00f1ado, que dej\u00f3 sin servicio a 30 casas y siete espacios p\u00fablicos, entre ellos tres escuelas, la agencia municipal, iglesia y tienda comunitaria.<\/p>\n\n\n\n<p>Esta situaci\u00f3n se report\u00f3 a la Comisi\u00f3n Federal de Electricidad (CFE). Para evitar mayores afectaciones en el sistema de agua potable, se recomend\u00f3 a las autoridades desconectar temporalmente la red.<\/p>\n\n\n\n<p>El deslizamiento tambi\u00e9n provoc\u00f3 el bloqueo total del acceso a tres barrios: Flor Pegajosa, Barrio de Barro y Barrio Las Pe\u00f1as.<\/p>\n\n\n\n<p>La Coordinaci\u00f3n Estatal de Protecci\u00f3n Civil sugiri\u00f3 evaluar la suspensi\u00f3n de clases en tanto persistan riesgos y se propuso habilitar un refugio temporal para las personas afectadas, quienes actualmente permanecen con familiares.<\/p>\n\n\n\n<p>EN TUXTEPEC-JALAPA<\/p>\n\n\n\n<p>En otro caso, el organismo estatal recomend\u00f3 a los automovilistas a extremar precauciones al transitar por la carretera federal 182, debido al hundimiento registrado en el tramo Tuxtepec-Jalapa de D\u00edaz, a la altura del paraje \u201cLa Sorpresa\u201d.<\/p>\n\n\n\n<p>La circulaci\u00f3n vehicular permanece habilitada \u00fanicamente por un carril, mientras personal de Protecci\u00f3n Civil mantiene acordonada la zona para prevenir accidentes y garantizar la seguridad de las personas que transitan por este lugar de la Cuenca del Papaloapan.<\/p>\n\n\n\n<p>Para coordinar las acciones necesarias de evaluaci\u00f3n y reparaci\u00f3n de este tramo carretero, se notific\u00f3 de manera inmediata a Caminos Bienestar (Cabien), Guardia Nacional y Polic\u00eda Vial Estatal.<\/p>\n","protected":false},"excerpt":{"rendered":"<p>Raymundo Morales\/Zona Roja. Oaxaca, Oax., a 21 de octubre de 2025.- Las recientes lluvias en&hellip;<\/p>\n","protected":false},"author":2,"featured_media":86020,"comment_status":"closed","ping_status":"open","sticky":false,"template":"","format":"standard","meta":{"_lmt_disableupdate":"","_lmt_disable":"","_jetpack_memberships_contains_paid_content":false,"footnotes":""},"categories":[109,47],"tags":[848],"class_list":["post-86019","post","type-post","status-publish","format-standard","has-post-thumbnail","hentry","category-minuto-a-minuto","category-zona-gris","tag-danos-lluvias-oaxaca"],"jetpack_featured_media_url":"https:\/\/zonaroja.com.mx\/wp-content\/uploads\/2025\/10\/Desgajamiento-cerro-Huautla-una-fallecida.jpeg","jetpack_sharing_enabled":true,"_links":{"self":[{"href":"https:\/\/zonaroja.com.mx\/index.php?rest_route=\/wp\/v2\/posts\/86019","targetHints":{"allow":["GET"]}}],"collection":[{"href":"https:\/\/zonaroja.com.mx\/index.php?rest_route=\/wp\/v2\/posts"}],"about":[{"href":"https:\/\/zonaroja.com.mx\/index.php?rest_route=\/wp\/v2\/types\/post"}],"author":[{"embeddable":true,"href":"https:\/\/zonaroja.com.mx\/index.php?rest_route=\/wp\/v2\/users\/2"}],"replies":[{"embeddable":true,"href":"https:\/\/zonaroja.com.mx\/index.php?rest_route=%2Fwp%2Fv2%2Fcomments&post=86019"}],"version-history":[{"count":1,"href":"https:\/\/zonaroja.com.mx\/index.php?rest_route=\/wp\/v2\/posts\/86019\/revisions"}],"predecessor-version":[{"id":86021,"href":"https:\/\/zonaroja.com.mx\/index.php?rest_route=\/wp\/v2\/posts\/86019\/revisions\/86021"}],"wp:featuredmedia":[{"embeddable":true,"href":"https:\/\/zonaroja.com.mx\/index.php?rest_route=\/wp\/v2\/media\/86020"}],"wp:attachment":[{"href":"https:\/\/zonaroja.com.mx\/index.php?rest_route=%2Fwp%2Fv2%2Fmedia&parent=86019"}],"wp:term":[{"taxonomy":"category","embeddable":true,"href":"https:\/\/zonaroja.com.mx\/index.php?rest_route=%2Fwp%2Fv2%2Fcategories&post=86019"},{"taxonomy":"post_tag","embeddable":true,"href":"https:\/\/zonaroja.com.mx\/index.php?rest_route=%2Fwp%2Fv2%2Ftags&post=86019"}],"curies":[{"name":"wp","href":"https:\/\/api.w.org\/{rel}","templated":true}]}}