{"id":8602,"date":"2020-02-09T21:47:39","date_gmt":"2020-02-10T03:47:39","guid":{"rendered":"http:\/\/www.zonaroja.com.mx\/?p=8602"},"modified":"2020-02-09T21:47:42","modified_gmt":"2020-02-10T03:47:42","slug":"promueve-ieepo-sana-convivencia-para-evitar-riesgos-que-se-promueven-en-redes-sociales","status":"publish","type":"post","link":"https:\/\/zonaroja.com.mx\/?p=8602","title":{"rendered":"Promueve IEEPO sana convivencia para evitar riesgos que se promueven en redes sociales"},"content":{"rendered":"\n<p>Redacci\u00f3n\/Zona Roja.<\/p>\n\n\n\n<p>Oaxaca de Ju\u00e1rez, Oax. 9 de febrero de\n2020.- Con el prop\u00f3sito de que ni\u00f1as, ni\u00f1os y adolescentes aprendan a reconocer\nsus emociones y a establecer relaciones positivas y de sana convivencia, lo que\nles ayudar\u00e1 en su vida adulta, el Instituto Estatal de Educaci\u00f3n P\u00fablica de\nOaxaca (IEEPO), inici\u00f3 un programa de capacitaci\u00f3n preventiva dirigida a\nmadres, padres y tutores, as\u00ed como al alumnado de Primaria y Secundaria.<\/p>\n\n\n\n<p>A trav\u00e9s de la Direcci\u00f3n para la Mejora\nde la Convivencia Escolar, promueve el desarrollo integral de las y los\nestudiantes; es por ello que ante los retos entre adolescentes que se han\nvuelto virales en las redes sociales, se busca consolidar relaciones\nrespetuosas y sensibilizar a la comunidad escolar sobre situaciones que les\npueden causar un da\u00f1o o pongan en peligro su vida.<\/p>\n\n\n\n<p>En un comunicado, indic\u00f3 que con los\ntemas \u201cQuiero ser respetada y respetado&#8230; comprendo, ayudo y motivo\u00bb\ndirigido al alumnado, as\u00ed como el taller \u201cM\u00e1scaras vemos, emociones no sabemos\u201d\nimpartido a madres, padres de familia y tutores de estudiantes de quinto y\nsexto grado de primaria y secundaria, personal del Instituto con diversas\nactividades sensibiliza a los integrantes de la comunidad escolar.<\/p>\n\n\n\n<p>Lo anterior, con la finalidad\nfortalecer los conocimientos sobre las habilidades socioemocionales,\npsicoeducaci\u00f3n de las emociones, empat\u00eda y prevenci\u00f3n de la violencia escolar,\npara seguir fomentando espacios arm\u00f3nicos, pac\u00edficos e inclusivos en los planteles\neducativos y en los hogares.<\/p>\n\n\n\n<p>Al respecto, la directora para la\nMejora de la Convivencia Escolar y Unidad de Enlace de G\u00e9nero, Belem Morales\nBautista, destac\u00f3 el inter\u00e9s del director general del IEEPO, Francisco \u00c1ngel\nVillarreal de&nbsp; concientizar a la comunidad\nescolar sobre conceptos fundamentales como los derechos humanos, valores y\nconvivencia pac\u00edfica.<\/p>\n\n\n\n<p>Por ello, invit\u00f3 a quienes est\u00e9n\ninteresados en que se impartan estos talleres en sus escuelas comunicarse al\ntel\u00e9fono 951 205 25 86. Tambi\u00e9n recomend\u00f3 a padres y madres de familia mantener\nuna comunicaci\u00f3n permanente con sus hijos, as\u00ed como al alumnado no perder los\nlazos afectivos con sus padres.<\/p>\n\n\n\n<p>Expuso que los retos virales en las\nredes sociales pueden resultar atractivos para las y los estudiantes de educaci\u00f3n\nb\u00e1sica debido a diferentes factores como su nivel de desarrollo intelectual, el\nsentido de pertenencia a un grupo, la popularidad o la necesidad de afiliaci\u00f3n\ncon sus pares, poniendo en riesgo su salud e incluso su vida; de ah\u00ed el inter\u00e9s\ndel IEEPO de realizar talleres que favorezcan la construcci\u00f3n de una\npersonalidad sana del alumnado.<\/p>\n","protected":false},"excerpt":{"rendered":"<p>Redacci\u00f3n\/Zona Roja. Oaxaca de Ju\u00e1rez, Oax. 9 de febrero de 2020.- Con el prop\u00f3sito de&hellip;<\/p>\n","protected":false},"author":2,"featured_media":8605,"comment_status":"closed","ping_status":"open","sticky":false,"template":"","format":"standard","meta":{"_lmt_disableupdate":"","_lmt_disable":"","_jetpack_memberships_contains_paid_content":false,"footnotes":""},"categories":[109,46],"tags":[599],"class_list":["post-8602","post","type-post","status-publish","format-standard","has-post-thumbnail","hentry","category-minuto-a-minuto","category-zona-blanca","tag-instituto-estatal-de-educacion-publica-de-oaxaca"],"jetpack_featured_media_url":"https:\/\/zonaroja.com.mx\/wp-content\/uploads\/2020\/02\/IEEPO-2-1-2.jpg","jetpack_sharing_enabled":true,"_links":{"self":[{"href":"https:\/\/zonaroja.com.mx\/index.php?rest_route=\/wp\/v2\/posts\/8602","targetHints":{"allow":["GET"]}}],"collection":[{"href":"https:\/\/zonaroja.com.mx\/index.php?rest_route=\/wp\/v2\/posts"}],"about":[{"href":"https:\/\/zonaroja.com.mx\/index.php?rest_route=\/wp\/v2\/types\/post"}],"author":[{"embeddable":true,"href":"https:\/\/zonaroja.com.mx\/index.php?rest_route=\/wp\/v2\/users\/2"}],"replies":[{"embeddable":true,"href":"https:\/\/zonaroja.com.mx\/index.php?rest_route=%2Fwp%2Fv2%2Fcomments&post=8602"}],"version-history":[{"count":1,"href":"https:\/\/zonaroja.com.mx\/index.php?rest_route=\/wp\/v2\/posts\/8602\/revisions"}],"predecessor-version":[{"id":8606,"href":"https:\/\/zonaroja.com.mx\/index.php?rest_route=\/wp\/v2\/posts\/8602\/revisions\/8606"}],"wp:featuredmedia":[{"embeddable":true,"href":"https:\/\/zonaroja.com.mx\/index.php?rest_route=\/wp\/v2\/media\/8605"}],"wp:attachment":[{"href":"https:\/\/zonaroja.com.mx\/index.php?rest_route=%2Fwp%2Fv2%2Fmedia&parent=8602"}],"wp:term":[{"taxonomy":"category","embeddable":true,"href":"https:\/\/zonaroja.com.mx\/index.php?rest_route=%2Fwp%2Fv2%2Fcategories&post=8602"},{"taxonomy":"post_tag","embeddable":true,"href":"https:\/\/zonaroja.com.mx\/index.php?rest_route=%2Fwp%2Fv2%2Ftags&post=8602"}],"curies":[{"name":"wp","href":"https:\/\/api.w.org\/{rel}","templated":true}]}}