{"id":86029,"date":"2025-10-21T10:15:00","date_gmt":"2025-10-21T16:15:00","guid":{"rendered":"https:\/\/zonaroja.com.mx\/?p=86029"},"modified":"2025-10-21T07:47:40","modified_gmt":"2025-10-21T13:47:40","slug":"asesinan-a-dirigente-de-limoneros-en-michoacan-y-a-alcalde-en-hidalgo","status":"publish","type":"post","link":"https:\/\/zonaroja.com.mx\/?p=86029","title":{"rendered":"Asesinan a dirigente de limoneros en Michoac\u00e1n y a alcalde en Hidalgo"},"content":{"rendered":"\n<p>Redacci\u00f3n\/Zona Roja Cdmx.<\/p>\n\n\n\n<p>(Informaci\u00f3n de Infobae M\u00e9xico)<\/p>\n\n\n\n<p>Ciudad de M\u00e9xico, a 21 de octubre de 2025.- Bernardo Bravo Manr\u00edquez, quien era figura clave en la defensa de los derechos de los productores de lim\u00f3n en el estado de Michoac\u00e1n, fue asesinado este 20 de octubre de 2025.<\/p>\n\n\n\n<p>De acuerdo con informaci\u00f3n publicada por el diputado local en Michoac\u00e1n, Octavio Ocampo C\u00f3rdova, la violencia arrebat\u00f3 la vida del defensor de los derechos.<\/p>\n\n\n\n<p>\u201cCon profunda tristeza, pero tambi\u00e9n con firmeza lamentamos el asesinato de Bernardo Bravo Manr\u00edquez, presidente de la Asociaci\u00f3n de Citricultores del Valle de Apatzing\u00e1n\u201d, se lee en su publicaci\u00f3n de Facebook.<\/p>\n\n\n\n<p>De acuerdo con informaci\u00f3n proporcionada por medios locales, entre ellos \u201cEl Sol de Michoac\u00e1n\u201d, su cuerpo fue localizado cerca de la carretera Apatzing\u00e1n-Presa del Rosario.<\/p>\n\n\n\n<p>El cad\u00e1ver de la v\u00edctima presentaba signos de violencia y su deceso fue reportado por personas al n\u00famero de emergencias 911 cuando transitaban por la zona.<\/p>\n\n\n\n<p>La FGE se\u00f1al\u00f3 que la agresi\u00f3n contra el citricultor ocurri\u00f3 en un camino que conduce a la localidad de Los Tepetates, del municipio de Apatzing\u00e1n, donde la v\u00edctima fue encontrada dentro del veh\u00edculo en el que se transportaba y que presentaba impactos de bala.<\/p>\n\n\n\n<p>EN HIDALGO<\/p>\n\n\n\n<p>El presidente municipal de Pisaflores, Hidalgo, Miguel Bahena Solorzano, fue asesinado la noche del lunes durante un ataque armado en la comunidad de La Estancia, situada junto a la cabecera municipal.<\/p>\n\n\n\n<p>Seg\u00fan report\u00f3 \u201cLa Jornada Hidalgo\u201d, el funcionario recibi\u00f3 al menos cinco impactos de arma de fuego cuando dos hombres, a bordo de una motocicleta blanca, le dispararon y huyeron del lugar.<\/p>\n\n\n\n<p>El propio ayuntamiento confirm\u00f3 que Miguel Bahena ya no presentaba signos vitales al arribar a una cl\u00ednica particular donde fue atendido.<\/p>\n\n\n\n<p>Elementos de la Polic\u00eda Estatal y Polic\u00eda Municipal implementaron un operativo en distintos puntos de Pisaflores con recorridos en caminos rurales y comunidades para cerrar posibles rutas de escape y dar con los responsables, seg\u00fan confirm\u00f3 \u201cCriterio Hidalgo\u201d. El despliegue de las fuerzas de seguridad se extendi\u00f3 a poblados vecinos de la Sierra Gorda.<\/p>\n\n\n\n<p>Luego del ataque, personal de la Procuradur\u00eda General de Justicia del Estado de Hidalgo (PGJEH) se traslad\u00f3 a la zona para realizar diligencias y asegurar el \u00e1rea, a fin de esclarecer el crimen.<\/p>\n\n\n\n<p>EN SINALOA<\/p>\n\n\n\n<p>En Sinaloa ocurri\u00f3 una persecuci\u00f3n que deriv\u00f3 en la volcadura de un veh\u00edculo de la Guardia Nacional y que dej\u00f3 un sargento muerto y otro efectivo de la corporaci\u00f3n herido.<\/p>\n\n\n\n<p>Los hechos sucedieron el 20 de octubre en la maxipista Culiac\u00e1n-Mazatl\u00e1n, en el kilometro 183, reportes de medios locales se\u00f1alan que los uniformados persegu\u00edan a integrantes de un grupo de sujetos armados.<\/p>\n\n\n\n<p>Asimismo, el sargento fallecido fue identificado como Juli\u00e1n De Grados y el elemento que result\u00f3 herido es Luis Abel, seg\u00fan comparti\u00f3 en sus redes sociales la periodista Azucena Uresti.<\/p>\n\n\n\n<p>Im\u00e1genes compartidas en la red muestran parte del accidente vehicular y la presencia de efectivos de seguridad en la zona, sin que hasta el momento hay confirmaci\u00f3n sobre la detenci\u00f3n de los sospechosos.<\/p>\n\n\n\n<p>Reportes del portal \u201cLuz Noticias\u201d indican que el accidente habr\u00eda sido originado por un ataque armado en contra de los guardias nacionales, el cual provoc\u00f3 que el conductor de la unidad perdiera el control de la patrulla. Param\u00e9dicos acudieron al sitio y confirmaron la muerte de uno de los uniformados.<\/p>\n","protected":false},"excerpt":{"rendered":"<p>Redacci\u00f3n\/Zona Roja Cdmx. (Informaci\u00f3n de Infobae M\u00e9xico) Ciudad de M\u00e9xico, a 21 de octubre de&hellip;<\/p>\n","protected":false},"author":2,"featured_media":83059,"comment_status":"closed","ping_status":"open","sticky":false,"template":"","format":"standard","meta":{"_lmt_disableupdate":"","_lmt_disable":"","_jetpack_memberships_contains_paid_content":false,"footnotes":""},"categories":[109,51],"tags":[],"class_list":["post-86029","post","type-post","status-publish","format-standard","has-post-thumbnail","hentry","category-minuto-a-minuto","category-zona-roja"],"jetpack_featured_media_url":"https:\/\/zonaroja.com.mx\/wp-content\/uploads\/2025\/08\/Patrulla-escena-inseguridad-violencia.jpeg","jetpack_sharing_enabled":true,"_links":{"self":[{"href":"https:\/\/zonaroja.com.mx\/index.php?rest_route=\/wp\/v2\/posts\/86029","targetHints":{"allow":["GET"]}}],"collection":[{"href":"https:\/\/zonaroja.com.mx\/index.php?rest_route=\/wp\/v2\/posts"}],"about":[{"href":"https:\/\/zonaroja.com.mx\/index.php?rest_route=\/wp\/v2\/types\/post"}],"author":[{"embeddable":true,"href":"https:\/\/zonaroja.com.mx\/index.php?rest_route=\/wp\/v2\/users\/2"}],"replies":[{"embeddable":true,"href":"https:\/\/zonaroja.com.mx\/index.php?rest_route=%2Fwp%2Fv2%2Fcomments&post=86029"}],"version-history":[{"count":1,"href":"https:\/\/zonaroja.com.mx\/index.php?rest_route=\/wp\/v2\/posts\/86029\/revisions"}],"predecessor-version":[{"id":86030,"href":"https:\/\/zonaroja.com.mx\/index.php?rest_route=\/wp\/v2\/posts\/86029\/revisions\/86030"}],"wp:featuredmedia":[{"embeddable":true,"href":"https:\/\/zonaroja.com.mx\/index.php?rest_route=\/wp\/v2\/media\/83059"}],"wp:attachment":[{"href":"https:\/\/zonaroja.com.mx\/index.php?rest_route=%2Fwp%2Fv2%2Fmedia&parent=86029"}],"wp:term":[{"taxonomy":"category","embeddable":true,"href":"https:\/\/zonaroja.com.mx\/index.php?rest_route=%2Fwp%2Fv2%2Fcategories&post=86029"},{"taxonomy":"post_tag","embeddable":true,"href":"https:\/\/zonaroja.com.mx\/index.php?rest_route=%2Fwp%2Fv2%2Ftags&post=86029"}],"curies":[{"name":"wp","href":"https:\/\/api.w.org\/{rel}","templated":true}]}}