{"id":86031,"date":"2025-10-21T11:15:00","date_gmt":"2025-10-21T17:15:00","guid":{"rendered":"https:\/\/zonaroja.com.mx\/?p=86031"},"modified":"2025-10-21T07:52:47","modified_gmt":"2025-10-21T13:52:47","slug":"persiste-deficit-de-ministerios-publicos-fiscalia-de-oaxaca-en-65-1","status":"publish","type":"post","link":"https:\/\/zonaroja.com.mx\/?p=86031","title":{"rendered":"Persiste d\u00e9ficit de ministerios p\u00fablicos; Fiscal\u00eda de Oaxaca, en 65.1%"},"content":{"rendered":"\n<p>Lisbeth Mej\u00eda Reyes\/Zona Roja.<\/p>\n\n\n\n<p>Oaxaca, Oax., a 21 de octubre de 2025.- Aunque la Fiscal\u00eda General de la Rep\u00fablica (FGR) reporta una menor saturaci\u00f3n de delitos por cada agente y\/o fiscal, son las fiscal\u00edas estatales las que presentan una mayor carga laboral, de acuerdo con las estad\u00edsticas a prop\u00f3sito del D\u00eda Nacional del Ministerio P\u00fablico, del Instituto Nacional de Estad\u00edstica y Geograf\u00eda (INEGI).<\/p>\n\n\n\n<p>Seg\u00fan el reporte, en la Fiscal\u00eda General de la Rep\u00fablica hab\u00eda una proporci\u00f3n de 23.5 delitos registrados por cada fiscal o agente del ministerio p\u00fablico en el a\u00f1o 2023.&nbsp;<\/p>\n\n\n\n<p>Sin embargo, en otros estados como Oaxaca, por cada agente y\/o fiscal eran 99.3 delitos los delitos registrados en las averiguaciones previas y carpetas de investigaci\u00f3n iniciadas en ese a\u00f1o en el sistema penal de adultos.&nbsp;<\/p>\n\n\n\n<p>Aun as\u00ed, Oaxaca era de los estados con menor saturaci\u00f3n en este aspecto, comparado con Aguascalientes, donde hab\u00eda 464.7 delitos registrados por cada agente y\/o fiscal. A esa entidad le siguen Guanajuato (448.7) y Quer\u00e9taro (357.3).&nbsp;<\/p>\n\n\n\n<p>En contraste, la raz\u00f3n m\u00e1s baja se observ\u00f3 en Yucat\u00e1n, con 13.6 delitos registrados por agente y\/o fiscal del Ministerio P\u00fablico para su investigaci\u00f3n, seguida por Tlaxcala (28.3) y Chiapas (29.4).<\/p>\n\n\n\n<p>Aunque no detalla el n\u00famero de personal para cada estado, el INEGI refiere que al cierre de 2023 hab\u00eda 16 mil 659 personas adscritas al Ministerio P\u00fablico de la Federaci\u00f3n y 58 mil 785 a los Ministerios P\u00fablicos de las entidades federativas.&nbsp;<\/p>\n\n\n\n<p>CONFIANZA EN FISCAL\u00cdAS<\/p>\n\n\n\n<p>Con base en datos de este 2025, el instituto tambi\u00e9n muestra que la confianza ciudadana se inclina principalmente por la Fiscal\u00eda General de la Rep\u00fablica antes que en las fiscal\u00edas estatales.&nbsp;<\/p>\n\n\n\n<p>El 64.5 % de la poblaci\u00f3n de 18 a\u00f1os o m\u00e1s que identific\u00f3 a la Fiscal\u00eda General de la Rep\u00fablica declar\u00f3 confiar en esta instituci\u00f3n; mientras que el 57.0 % de quienes identificaron a las Fiscal\u00edas estatales dijeron confiar en esas instituciones.<\/p>\n\n\n\n<p>Como en la mayor\u00eda de los estados, la confianza ciudadana de Oaxaca es mayor en la Fiscal\u00eda General de la Rep\u00fablica (73.6 %) que en la Fiscal\u00eda estatal (65.1%).<\/p>\n","protected":false},"excerpt":{"rendered":"<p>Lisbeth Mej\u00eda Reyes\/Zona Roja. Oaxaca, Oax., a 21 de octubre de 2025.- Aunque la Fiscal\u00eda&hellip;<\/p>\n","protected":false},"author":2,"featured_media":86032,"comment_status":"closed","ping_status":"open","sticky":false,"template":"","format":"standard","meta":{"_lmt_disableupdate":"","_lmt_disable":"","_jetpack_memberships_contains_paid_content":false,"footnotes":""},"categories":[109,47],"tags":[494],"class_list":["post-86031","post","type-post","status-publish","format-standard","has-post-thumbnail","hentry","category-minuto-a-minuto","category-zona-gris","tag-fiscalia-general-del-estado-de-oaxaca"],"jetpack_featured_media_url":"https:\/\/zonaroja.com.mx\/wp-content\/uploads\/2025\/10\/Ministerio-Publico.jpg","jetpack_sharing_enabled":true,"_links":{"self":[{"href":"https:\/\/zonaroja.com.mx\/index.php?rest_route=\/wp\/v2\/posts\/86031","targetHints":{"allow":["GET"]}}],"collection":[{"href":"https:\/\/zonaroja.com.mx\/index.php?rest_route=\/wp\/v2\/posts"}],"about":[{"href":"https:\/\/zonaroja.com.mx\/index.php?rest_route=\/wp\/v2\/types\/post"}],"author":[{"embeddable":true,"href":"https:\/\/zonaroja.com.mx\/index.php?rest_route=\/wp\/v2\/users\/2"}],"replies":[{"embeddable":true,"href":"https:\/\/zonaroja.com.mx\/index.php?rest_route=%2Fwp%2Fv2%2Fcomments&post=86031"}],"version-history":[{"count":1,"href":"https:\/\/zonaroja.com.mx\/index.php?rest_route=\/wp\/v2\/posts\/86031\/revisions"}],"predecessor-version":[{"id":86033,"href":"https:\/\/zonaroja.com.mx\/index.php?rest_route=\/wp\/v2\/posts\/86031\/revisions\/86033"}],"wp:featuredmedia":[{"embeddable":true,"href":"https:\/\/zonaroja.com.mx\/index.php?rest_route=\/wp\/v2\/media\/86032"}],"wp:attachment":[{"href":"https:\/\/zonaroja.com.mx\/index.php?rest_route=%2Fwp%2Fv2%2Fmedia&parent=86031"}],"wp:term":[{"taxonomy":"category","embeddable":true,"href":"https:\/\/zonaroja.com.mx\/index.php?rest_route=%2Fwp%2Fv2%2Fcategories&post=86031"},{"taxonomy":"post_tag","embeddable":true,"href":"https:\/\/zonaroja.com.mx\/index.php?rest_route=%2Fwp%2Fv2%2Ftags&post=86031"}],"curies":[{"name":"wp","href":"https:\/\/api.w.org\/{rel}","templated":true}]}}