{"id":86034,"date":"2025-10-21T11:55:00","date_gmt":"2025-10-21T17:55:00","guid":{"rendered":"https:\/\/zonaroja.com.mx\/?p=86034"},"modified":"2025-10-21T07:56:38","modified_gmt":"2025-10-21T13:56:38","slug":"lista-santa-cruz-xoxocotlan-para-conmemorar-dia-de-muertos","status":"publish","type":"post","link":"https:\/\/zonaroja.com.mx\/?p=86034","title":{"rendered":"Lista, Santa Cruz Xoxocotl\u00e1n, para conmemorar D\u00eda de Muertos"},"content":{"rendered":"\n<p>Redacci\u00f3n\/Zona Roja.<\/p>\n\n\n\n<p>Oaxaca, Oax., a 21 de octubre de 2025.- En Santa Cruz Xoxocotl\u00e1n, donde la memoria se viste de flores y la m\u00fasica se convierte en ofrenda, las notas del viento volver\u00e1n a sonar para honrar a quienes habitan en el recuerdo.<\/p>\n\n\n\n<p>Como parte de las Fiestas de los Fieles Difuntos 2025, el ayuntamiento que encabeza la edil Nancy Ben\u00edtez Z\u00e1rate, contar\u00e1 con la presentaci\u00f3n de la Banda Filarm\u00f3nica del Centro de Capacitaci\u00f3n Musical y Desarrollo de la Cultura Mixe (CECAM), una de las agrupaciones m\u00e1s emblem\u00e1ticas de Oaxaca y de M\u00e9xico.<\/p>\n\n\n\n<p>El concierto se llevar\u00e1 a cabo el 30 de octubre a las 19:00 horas en el Parque Central de Xoxocotl\u00e1n, donde las personas asistentes podr\u00e1n disfrutar de un viaje sonoro que celebra la identidad y la riqueza cultural de los pueblos oaxaque\u00f1os.<\/p>\n\n\n\n<p>Fundada en 1977, la Banda Filarm\u00f3nica del CECAM es una instituci\u00f3n dedicada a la ense\u00f1anza y promoci\u00f3n de la m\u00fasica mexicana. Considerada la segunda casa de estudios musicales m\u00e1s importante del estado, es un referente nacional en la formaci\u00f3n de int\u00e9rpretes de instrumentos de viento.<\/p>\n\n\n\n<p>A lo largo de su trayectoria, la banda ha representado con orgullo a Oaxaca y a M\u00e9xico en escenarios de gran relevancia como el Palacio de Bellas Artes, el Festival Internacional Cervantino, el Teatro de la Ciudad Esperanza Iris y el Auditorio Guelaguetza.<\/p>\n\n\n\n<p>Su talento ha trascendido fronteras, con presentaciones en Nueva York, Ohio y Basilea (Suiza), llevando el nombre de Oaxaca al escenario internacional. Por su invaluable contribuci\u00f3n a la cultura nacional, el CECAM fue distinguido con el Premio Nacional de Ciencias y Artes.<\/p>\n\n\n\n<p>Durante su presentaci\u00f3n en Xoxocotl\u00e1n, la Banda Filarm\u00f3nica interpretar\u00e1 parte de su repertorio m\u00e1s representativo, con sones, valses, chilenas, boleros y marchas arregladas por compositores oaxaque\u00f1os. Entre las piezas m\u00e1s esperadas destacan La Sandunga, Dios nunca muere, Ojos tapat\u00edos y Son 40, una de sus obras m\u00e1s recientes.<\/p>\n\n\n\n<p>En Xoxocotl\u00e1n, la m\u00fasica no solo acompa\u00f1a la tradici\u00f3n, la vuelve eterna. Este 30 de octubre, el sonido del CECAM elevar\u00e1 un canto a la memoria, al orgullo y a la vida que nunca deja de resonar.<\/p>\n","protected":false},"excerpt":{"rendered":"<p>Redacci\u00f3n\/Zona Roja. Oaxaca, Oax., a 21 de octubre de 2025.- En Santa Cruz Xoxocotl\u00e1n, donde&hellip;<\/p>\n","protected":false},"author":2,"featured_media":86035,"comment_status":"closed","ping_status":"open","sticky":false,"template":"","format":"standard","meta":{"_lmt_disableupdate":"","_lmt_disable":"","_jetpack_memberships_contains_paid_content":false,"footnotes":""},"categories":[109,46],"tags":[133],"class_list":["post-86034","post","type-post","status-publish","format-standard","has-post-thumbnail","hentry","category-minuto-a-minuto","category-zona-blanca","tag-santa-cruz-xoxocotlan"],"jetpack_featured_media_url":"https:\/\/zonaroja.com.mx\/wp-content\/uploads\/2025\/10\/Muertos-Santa-Cruz-Xoxocotlan.jpeg","jetpack_sharing_enabled":true,"_links":{"self":[{"href":"https:\/\/zonaroja.com.mx\/index.php?rest_route=\/wp\/v2\/posts\/86034","targetHints":{"allow":["GET"]}}],"collection":[{"href":"https:\/\/zonaroja.com.mx\/index.php?rest_route=\/wp\/v2\/posts"}],"about":[{"href":"https:\/\/zonaroja.com.mx\/index.php?rest_route=\/wp\/v2\/types\/post"}],"author":[{"embeddable":true,"href":"https:\/\/zonaroja.com.mx\/index.php?rest_route=\/wp\/v2\/users\/2"}],"replies":[{"embeddable":true,"href":"https:\/\/zonaroja.com.mx\/index.php?rest_route=%2Fwp%2Fv2%2Fcomments&post=86034"}],"version-history":[{"count":1,"href":"https:\/\/zonaroja.com.mx\/index.php?rest_route=\/wp\/v2\/posts\/86034\/revisions"}],"predecessor-version":[{"id":86036,"href":"https:\/\/zonaroja.com.mx\/index.php?rest_route=\/wp\/v2\/posts\/86034\/revisions\/86036"}],"wp:featuredmedia":[{"embeddable":true,"href":"https:\/\/zonaroja.com.mx\/index.php?rest_route=\/wp\/v2\/media\/86035"}],"wp:attachment":[{"href":"https:\/\/zonaroja.com.mx\/index.php?rest_route=%2Fwp%2Fv2%2Fmedia&parent=86034"}],"wp:term":[{"taxonomy":"category","embeddable":true,"href":"https:\/\/zonaroja.com.mx\/index.php?rest_route=%2Fwp%2Fv2%2Fcategories&post=86034"},{"taxonomy":"post_tag","embeddable":true,"href":"https:\/\/zonaroja.com.mx\/index.php?rest_route=%2Fwp%2Fv2%2Ftags&post=86034"}],"curies":[{"name":"wp","href":"https:\/\/api.w.org\/{rel}","templated":true}]}}