{"id":86046,"date":"2025-10-21T17:26:32","date_gmt":"2025-10-21T23:26:32","guid":{"rendered":"https:\/\/zonaroja.com.mx\/?p=86046"},"modified":"2025-10-21T17:26:34","modified_gmt":"2025-10-21T23:26:34","slug":"dictan-libertad-para-tres-defensores-mazatecos-de-eloxochitlan","status":"publish","type":"post","link":"https:\/\/zonaroja.com.mx\/?p=86046","title":{"rendered":"Dictan libertad para tres defensores mazatecos de Eloxochitl\u00e1n"},"content":{"rendered":"\n<p>Lisbeth Mej\u00eda Reyes\/Zona Roja.<\/p>\n\n\n\n<p>Oaxaca, Oax., a 21 de octubre de 2025.- Despu\u00e9s de m\u00e1s de una d\u00e9cada de acusaciones, el juzgado con sede en Huautla de Jim\u00e9nez determin\u00f3 este lunes el auto de libertad para Antonio Betanzos, Ad\u00e1n Betanzos y Gaspar Betanzos, tres defensores mazatecos de Eloxochitl\u00e1n de Flores Mag\u00f3n, por los que el colectivo Mujeres Mazatecas por la Libertad se\u00f1ala que hay una persecuci\u00f3n pol\u00edtica de parte de la diputada Elisa Zepeda y su padre, Manuel Zepeda.<\/p>\n\n\n\n<p>El fallo de libertad a favor de estos tres defensores de Eloxochitl\u00e1n (regi\u00f3n de Sierra de Flores Mag\u00f3n, Oaxaca) fue informado este lunes.&nbsp;<\/p>\n\n\n\n<p>Antes, el 14 de octubre, los tres rindieron su declaraci\u00f3n por las carpetas de investigaci\u00f3n de los presuntos delitos de da\u00f1o por incendio.&nbsp;<\/p>\n\n\n\n<p>La sentencia se suma a la que el mismo juzgado dict\u00f3 en julio a favor de la libertad de la profesora Olga Maribel Betanzos Fuentes, tambi\u00e9n por las mismas acusaciones de la familia Zepeda.<\/p>\n\n\n\n<p>\u201cSeg\u00fan el resolutivo Tercero del documento judicial, dicta auto de libertad de todas las acusaciones\u00bb, se\u00f1al\u00f3 el colectivo Mujeres Mazatecas por la Libertad, al exponer que esta resoluci\u00f3n deja claro que \u00abnunca se debi\u00f3 incriminar a nuestros compa\u00f1eros y compa\u00f1eras defensoras del territorio y de la vida\u00bb.<\/p>\n\n\n\n<p>Sin embargo, lament\u00f3 que \u00ablos gobiernos de Oaxaca y el cacicazgo local han utilizado el Poder Judicial para imponer la persecuci\u00f3n de quienes vivimos junto al r\u00edo y lo defendemos, nos reprimen para garantizar para ellos el saqueo de los recursos naturales, en especial del r\u00edo \u2018Xang\u00e1 Nd\u00e1 Ge\u2019\u201d.<\/p>\n\n\n\n<p>De acuerdo con el colectivo, Ad\u00e1n, Gaspar y Antonio son defensores mazatecos que han sido \u00abincriminados, junto a 56 personas con cinco \u00f3rdenes de aprehensi\u00f3n cada uno, por delitos supuestamente ocurridos hace m\u00e1s de diez a\u00f1os\u00bb. Las acusaciones, explic\u00f3, \u00abya fueron enfrentadas por otros compa\u00f1eros que ganaron negativas de \u00f3rdenes de aprehensi\u00f3n, apelaciones, amparos y amparos en revisi\u00f3n\u00bb.<\/p>\n\n\n\n<p>El grupo de defensores y el colectivo denunci\u00f3 que el Poder Judicial de Oaxaca \u00abse prest\u00f3 nuevamente a ser usado como instrumento de criminalizaci\u00f3n selectiva\u00bb, pues el pasado 31 de marzo de 2025 reactiv\u00f3 m\u00e1s de 200 \u00f3rdenes de aprehensi\u00f3n sin fundamento legal.&nbsp;<\/p>\n\n\n\n<p>En el caso de Gaspar, \u00ablo incrimin\u00f3 dos veces por la misma acusaci\u00f3n, pues \u00e9l ya hab\u00eda sido preso por el mismo asunto\u00bb.&nbsp;<\/p>\n\n\n\n<p>Adem\u00e1s de estas resoluciones y la de Miguel Peralta, que est\u00e1 en manos del Primer Tribunal Colegiado de Oaxaca, en San Bartolo Coyotepec, el colectivo exige la cancelaci\u00f3n de las m\u00e1s de 200 \u00f3rdenes de aprehensi\u00f3n.<\/p>\n\n\n\n<p>De igual manera, espera respuesta favorable a los amparos de los defensores mazatecos Jacob Betanzos, Ranulfo Vidauria y Rogelio L\u00f3pez, de Eloxochitl\u00e1n de Flores Mag\u00f3n, acusados de homicidio y de intento de homicidio por presuntos hechos ocurridos en diciembre de 2014 en contra del grupo caciquil del ex presidente municipal Manuel Zepeda y la diputada local Elisa Zepeda.<\/p>\n\n\n\n<p>ANTE CIDH<\/p>\n\n\n\n<p>Este martes, como parte de la Caravana Mesoamericana por el Clima y la Vida, el Observatorio de Memoria y Libertad llev\u00f3 a la Corte Interamericana de Derechos Humanos, en Costa Rica, la carta en la que las y los defensores de Eloxochitl\u00e1n piden su intervenci\u00f3n para frenar la persecuci\u00f3n pol\u00edtica.<\/p>\n\n\n\n<p>\u00abLo que la comunidad de Eloxochitl\u00e1n pide a esta Corte Interamericana de Derechos Humanos es que se otorguen las medidas cautelares que lleva solicitando por a\u00f1os\u00bb, se\u00f1al\u00f3 la representante del Observatorio. El organismo dijo que ha documentado el clima de hostigamiento, actos de tortura, de detenciones arbitrarias injustificadas y prolongadas que ha vivido la comunidad en m\u00e1s de 10 a\u00f1os.<\/p>\n\n\n\n<p>Antes de recurrir nuevamente a la Corte Interamericana, las Mujeres Mazatecas por la Libertad tambi\u00e9n buscaron recientemente la intervenci\u00f3n del ministro presidente de la Suprema Corte de Justicia de la Naci\u00f3n, Hugo Aguilar Ortiz.<\/p>\n","protected":false},"excerpt":{"rendered":"<p>Lisbeth Mej\u00eda Reyes\/Zona Roja. Oaxaca, Oax., a 21 de octubre de 2025.- Despu\u00e9s de m\u00e1s&hellip;<\/p>\n","protected":false},"author":2,"featured_media":86047,"comment_status":"closed","ping_status":"open","sticky":false,"template":"","format":"standard","meta":{"_lmt_disableupdate":"","_lmt_disable":"","_jetpack_memberships_contains_paid_content":false,"footnotes":""},"categories":[109,46],"tags":[719,4444],"class_list":["post-86046","post","type-post","status-publish","format-standard","has-post-thumbnail","hentry","category-minuto-a-minuto","category-zona-blanca","tag-eloxochitlan-de-flores-magon","tag-mujeres-mazatecas-por-la-libertad"],"jetpack_featured_media_url":"https:\/\/zonaroja.com.mx\/wp-content\/uploads\/2025\/10\/Presos-Eloxochitlan.jpeg","jetpack_sharing_enabled":true,"_links":{"self":[{"href":"https:\/\/zonaroja.com.mx\/index.php?rest_route=\/wp\/v2\/posts\/86046","targetHints":{"allow":["GET"]}}],"collection":[{"href":"https:\/\/zonaroja.com.mx\/index.php?rest_route=\/wp\/v2\/posts"}],"about":[{"href":"https:\/\/zonaroja.com.mx\/index.php?rest_route=\/wp\/v2\/types\/post"}],"author":[{"embeddable":true,"href":"https:\/\/zonaroja.com.mx\/index.php?rest_route=\/wp\/v2\/users\/2"}],"replies":[{"embeddable":true,"href":"https:\/\/zonaroja.com.mx\/index.php?rest_route=%2Fwp%2Fv2%2Fcomments&post=86046"}],"version-history":[{"count":1,"href":"https:\/\/zonaroja.com.mx\/index.php?rest_route=\/wp\/v2\/posts\/86046\/revisions"}],"predecessor-version":[{"id":86048,"href":"https:\/\/zonaroja.com.mx\/index.php?rest_route=\/wp\/v2\/posts\/86046\/revisions\/86048"}],"wp:featuredmedia":[{"embeddable":true,"href":"https:\/\/zonaroja.com.mx\/index.php?rest_route=\/wp\/v2\/media\/86047"}],"wp:attachment":[{"href":"https:\/\/zonaroja.com.mx\/index.php?rest_route=%2Fwp%2Fv2%2Fmedia&parent=86046"}],"wp:term":[{"taxonomy":"category","embeddable":true,"href":"https:\/\/zonaroja.com.mx\/index.php?rest_route=%2Fwp%2Fv2%2Fcategories&post=86046"},{"taxonomy":"post_tag","embeddable":true,"href":"https:\/\/zonaroja.com.mx\/index.php?rest_route=%2Fwp%2Fv2%2Ftags&post=86046"}],"curies":[{"name":"wp","href":"https:\/\/api.w.org\/{rel}","templated":true}]}}