{"id":86049,"date":"2025-10-21T18:00:00","date_gmt":"2025-10-22T00:00:00","guid":{"rendered":"https:\/\/zonaroja.com.mx\/?p=86049"},"modified":"2025-10-21T17:39:45","modified_gmt":"2025-10-21T23:39:45","slug":"medio-metro-fue-ejecutado-tenia-un-balazo-en-la-cabeza","status":"publish","type":"post","link":"https:\/\/zonaroja.com.mx\/?p=86049","title":{"rendered":"\u201cMedio Metro\u201d fue ejecutado; ten\u00eda un balazo en la cabeza"},"content":{"rendered":"\n<p>Redacci\u00f3n\/Zona Roja Cdmx.<\/p>\n\n\n\n<p>(Informaci\u00f3n de \u201cEl Sol de Puebla\u201d)<\/p>\n\n\n\n<p>Ciudad de M\u00e9xico, a 21 de octubre de 2025.- Francisco P, mejor conocido como el \u201cMedio Metro\u201d de Puebla, fue asesinado tras recibir un impacto con arma de fuego en la cabeza, inform\u00f3 la titular de la Fiscal\u00eda General del Estado (FGE) Idamis Pastor Betancourt.&nbsp;<\/p>\n\n\n\n<p>Aunque inicialmente se manejaron dos versiones sobre su muerte, los avances de la necropsia confirmaron que se trat\u00f3 de un aparente homicidio, descartando la posibilidad de un atropellamiento.<\/p>\n\n\n\n<p>\u201cApenas sucedi\u00f3 el evento ayer, se hizo el levantamiento de cad\u00e1ver. S\u00ed sufri\u00f3 de un balazo en la cabeza, entonces es lo que les puedo decir hasta el momento (\u2026), las investigaciones est\u00e1n avanzando al respecto\u201d, dijo la fiscal en entrevista con los medios de comunicaci\u00f3n.&nbsp;<\/p>\n\n\n\n<p>Pastor Betancourt se\u00f1al\u00f3 que las indagatorias contin\u00faan y que a\u00fan no se cuenta con una l\u00ednea de investigaci\u00f3n espec\u00edfica. No obstante, dijo que se dar\u00e1 a conocer m\u00e1s informaci\u00f3n conforme avancen las indagatorias.&nbsp;<\/p>\n\n\n\n<p>\u201cSimple y sencillamente se est\u00e1n haciendo las investigaciones. Es muy pronto y muy temprano para darte una l\u00ednea de investigaci\u00f3n que sea la correcta en este momento\u201d, dijo.&nbsp;<\/p>\n\n\n\n<p>EL HALLAZGO<\/p>\n\n\n\n<p>El cuerpo sin vida del \u201cMedio Metro\u201d poblano fue hallado sin vida en un canal de riego en la junta auxiliar de San Sebasti\u00e1n de Aparicio, perteneciente a la capital.<\/p>\n\n\n\n<p>La ma\u00f1ana del lunes 20 de octubre, gente que caminaba por la calle Maximino \u00c1vila Camacho, llam\u00f3 a los n\u00fameros de emergencias tras percatarse sobre la presencia de un cuerpo tirado, rodeado de perros con aparentes intenciones de devorarlo.&nbsp;<\/p>\n\n\n\n<p>Elementos de los cuerpos de emergencia acudieron al lugar y confirmaron el fallecimiento de un hombre que presentaba acondroplasia, conocida como enanismo.<\/p>\n\n\n\n<p>De acuerdo con los reportes, la v\u00edctima ten\u00eda el rostro cubierto de sangre a causa de la herida en la cabeza, provocada por un disparo. Su cuerpo fue encontrado boca arriba, con las manos extendidas<\/p>\n\n\n\n<p>Tras confirmarse su deceso, integrantes del gremio sonidero lamentaron lo ocurrido y enviaron sus condolencias a la familia de Francisco P., quien era conocido por su carisma y estilo al bailar, a menudo caracterizado como personajes populares como&nbsp;\u201cEl Chavo del 8\u201d.&nbsp;<\/p>\n\n\n\n<p>Durante a\u00f1os, su talento y personalidad lo hicieron destacar en el ambiente sonidero, que hoy se encuentra de luto y exige justicia para esclarecer los hechos.<\/p>\n","protected":false},"excerpt":{"rendered":"<p>Redacci\u00f3n\/Zona Roja Cdmx. (Informaci\u00f3n de \u201cEl Sol de Puebla\u201d) Ciudad de M\u00e9xico, a 21 de&hellip;<\/p>\n","protected":false},"author":2,"featured_media":86050,"comment_status":"closed","ping_status":"open","sticky":false,"template":"","format":"standard","meta":{"_lmt_disableupdate":"","_lmt_disable":"","_jetpack_memberships_contains_paid_content":false,"footnotes":""},"categories":[109,47],"tags":[4497],"class_list":["post-86049","post","type-post","status-publish","format-standard","has-post-thumbnail","hentry","category-minuto-a-minuto","category-zona-gris","tag-medio-metro-poblano"],"jetpack_featured_media_url":"https:\/\/zonaroja.com.mx\/wp-content\/uploads\/2025\/10\/Medio-Metro-poblano-asesinado.jpg","jetpack_sharing_enabled":true,"_links":{"self":[{"href":"https:\/\/zonaroja.com.mx\/index.php?rest_route=\/wp\/v2\/posts\/86049","targetHints":{"allow":["GET"]}}],"collection":[{"href":"https:\/\/zonaroja.com.mx\/index.php?rest_route=\/wp\/v2\/posts"}],"about":[{"href":"https:\/\/zonaroja.com.mx\/index.php?rest_route=\/wp\/v2\/types\/post"}],"author":[{"embeddable":true,"href":"https:\/\/zonaroja.com.mx\/index.php?rest_route=\/wp\/v2\/users\/2"}],"replies":[{"embeddable":true,"href":"https:\/\/zonaroja.com.mx\/index.php?rest_route=%2Fwp%2Fv2%2Fcomments&post=86049"}],"version-history":[{"count":1,"href":"https:\/\/zonaroja.com.mx\/index.php?rest_route=\/wp\/v2\/posts\/86049\/revisions"}],"predecessor-version":[{"id":86051,"href":"https:\/\/zonaroja.com.mx\/index.php?rest_route=\/wp\/v2\/posts\/86049\/revisions\/86051"}],"wp:featuredmedia":[{"embeddable":true,"href":"https:\/\/zonaroja.com.mx\/index.php?rest_route=\/wp\/v2\/media\/86050"}],"wp:attachment":[{"href":"https:\/\/zonaroja.com.mx\/index.php?rest_route=%2Fwp%2Fv2%2Fmedia&parent=86049"}],"wp:term":[{"taxonomy":"category","embeddable":true,"href":"https:\/\/zonaroja.com.mx\/index.php?rest_route=%2Fwp%2Fv2%2Fcategories&post=86049"},{"taxonomy":"post_tag","embeddable":true,"href":"https:\/\/zonaroja.com.mx\/index.php?rest_route=%2Fwp%2Fv2%2Ftags&post=86049"}],"curies":[{"name":"wp","href":"https:\/\/api.w.org\/{rel}","templated":true}]}}