{"id":86052,"date":"2025-10-21T18:53:00","date_gmt":"2025-10-22T00:53:00","guid":{"rendered":"https:\/\/zonaroja.com.mx\/?p=86052"},"modified":"2025-10-21T17:59:18","modified_gmt":"2025-10-21T23:59:18","slug":"reconocen-logros-de-santa-lucia-del-camino-en-materia-de-seguridad","status":"publish","type":"post","link":"https:\/\/zonaroja.com.mx\/?p=86052","title":{"rendered":"Reconocen logros de Santa Luc\u00eda del Camino en materia de seguridad"},"content":{"rendered":"\n<p>Raymundo Morales\/Zona Roja.<\/p>\n\n\n\n<p>Oaxaca, Oax., a 21 de octubre de 2025.- Autoridades estatales expresaron un reconocimiento al ayuntamiento de Santa Luc\u00eda del Camino por los logros en materia de seguridad y gobernabilidad.<\/p>\n\n\n\n<p>Y es que anoche en dicha demarcaci\u00f3n conurbada a la ciudad de Oaxaca, fue inaugurado un arco de seguridad, el cuarto en el municipio; la repavimentaci\u00f3n de un tramo de la avenida L\u00e1zaro C\u00e1rdenas, con iluminaci\u00f3n incluida, as\u00ed como la siembra de \u00e1rboles.<\/p>\n\n\n\n<p>\u201cLa seguridad no se construye&nbsp; con discursos, hoy Santa&nbsp; Luc\u00eda del camino se convierte en ejemplo en materia de seguridad\u201d afirm\u00f3 el titular de la Fiscal\u00eda General del Estado, Bernardo Rodr\u00edguez Alamilla, ante el presidente municipal Juan Carlos Garc\u00eda M\u00e1rquez.<\/p>\n\n\n\n<p>\u201cMi reconocimiento, insisto, porque en Santa Luc\u00eda lo hemos podido palpar, y se convierte en ejemplo de lo que un municipio comprometido en materia de seguridad puede hacer a favor de sus ciudadanos. Se ha convertido en ejemplo y hay que se\u00f1alarlo, ya que con el Edil Garc\u00eda M\u00e1rquez se ha venido dando una serie de cambios positivos, que le dan un nuevo rostro muy distinto a Santa Luc\u00eda\u201d, se\u00f1al\u00f3 el responsable de la procuraci\u00f3n de justicia en la entidad.<\/p>\n\n\n\n<p>Reiter\u00f3 su compromiso de seguir acompa\u00f1ando estos procesos de seguridad y bienestar para el municipio, adem\u00e1s de reiterar el respaldo hacia el edil para que contin\u00fae con su buen trabajo e impulsando infraestructuras que ayuden en materia de seguridad.<\/p>\n\n\n\n<p>Por su parte, la responsable del Secretariado Ejecutivo del Sistema Estatal de Seguridad P\u00fablica, Karina Bar\u00f3n Ortiz, expres\u00f3 su respaldo y destac\u00f3 que de los 22 millones de pesos que recibe el municipio del Fortamun, la mitad lo destina al rubro de la seguridad.<\/p>\n\n\n\n<figure class=\"wp-block-embed is-type-rich is-provider-twitter wp-block-embed-twitter\"><div class=\"wp-block-embed__wrapper\">\n<div class=\"twitter-tweet\"><blockquote class=\"twitter-tweet\" data-lang=\"es\"><p lang=\"es\" dir=\"ltr\">2.- \u201cSanta Luc\u00eda del Camino, se ha podido palpar, se convierte en ejemplo de lo que un municipio comprometido en materia de seguridad puede hacer a favor de sus ciudadanos\u201d, destac\u00f3 el titular de la <a href=\"https:\/\/twitter.com\/FISCALIA_GobOax?ref_src=twsrc%5Etfw\">@FISCALIA_GobOax<\/a>, <a href=\"https:\/\/twitter.com\/FiscalOaxaca?ref_src=twsrc%5Etfw\">@FiscalOaxaca<\/a>, durante el acto de inauguraci\u00f3n de obras, entre\u2026 <a href=\"https:\/\/t.co\/MwSwA7kg5b\">pic.twitter.com\/MwSwA7kg5b<\/a><\/p>&mdash; Zona Roja Oaxaca (@ZonaRoja_Oaxaca) <a href=\"https:\/\/twitter.com\/ZonaRoja_Oaxaca\/status\/1980483100439134474?ref_src=twsrc%5Etfw\">21 de octubre de 2025<\/a><\/blockquote><\/div>\n<\/div><\/figure>\n\n\n\n<p>\u201cTengo que felicitar el buen trabajo que est\u00e1 haciendo el edil con su equipo, con quienes integran este Cabildo, porque el buen ejemplo de Santa Luc\u00eda esta generando eco en otras regiones del estado, &nbsp;y que bueno, a nosotros nos da mucho gusto cuando los recibimos en la mesa de paz todos los mi\u00e9rcoles, y en la mesa de construcci\u00f3n de la paz de todos los d\u00edas, que encabeza el gobernador Salom\u00f3n Jara todas las ma\u00f1anas\u201d, dijo.<\/p>\n\n\n\n<p>Anunci\u00f3 que en los pr\u00f3ximos d\u00edas se realizar\u00e1 una entrega de patrullas para el municipio, adem\u00e1s de uniformes, los cuales incluso ya comenzaron a distribuirse.<\/p>\n\n\n\n<p>En su intervenci\u00f3n, Garc\u00eda M\u00e1rquez ponder\u00f3 el respaldo del Gobernador del Estado, Salom\u00f3n Jara Cruz, en m\u00faltiples acciones de desarrollo que se han efectuado en Santa Luc\u00eda.<\/p>\n\n\n\n<p>De las recientes obras, dijo que se invirtieron alrededor de 3.2 millones de pesos en el reencarpetamiento de un tramo, en la colindancia con San Sebasti\u00e1n Tutla y Santa Cruz Amilpas.<\/p>\n\n\n\n<p>Asimismo, alrededor de 790 mil pesos en el cuarto arco de seguridad que se construye en su administraci\u00f3n, con la finalidad de fortalecer la seguridad y la paz social de los habitantes.<\/p>\n\n\n\n<p>Habl\u00f3 adem\u00e1s del programa de reforestaci\u00f3n y siembra de \u00e1rboles ya en etapa adulta, a lo largo de la avenida L\u00e1zaro C\u00e1rdenas y otras vialidades, a fin de contribuir a mitigar los efectos del cambio clim\u00e1tico.<\/p>\n\n\n\n<p>Hizo un reconocimiento especial al titular de la Fiscal\u00eda General del Estado, Bernardo Rodr\u00edguez Alamilla, y a la responsable del Secretariado Ejecutivo, Karina Bar\u00f3n Ortiz, as\u00ed como a la Secretar\u00eda de Seguridad y Protecci\u00f3n Ciudadana, por el respaldo para emprender diversas acciones.<\/p>\n\n\n\n<figure class=\"wp-block-embed is-type-rich is-provider-twitter wp-block-embed-twitter\"><div class=\"wp-block-embed__wrapper\">\n<div class=\"twitter-tweet\"><blockquote class=\"twitter-tweet\" data-lang=\"es\"><p lang=\"es\" dir=\"ltr\">3.- Por su parte, la titular del Secretariado Ejecutivo de seguridad, <a href=\"https:\/\/twitter.com\/KarinaBaronO?ref_src=twsrc%5Etfw\">@KarinaBaronO<\/a>, destac\u00f3 que de los 22 millones de pesos que recibe Santa Luc\u00eda del Camino del Fortamun, casi el 50 por ciento lo invierte en seguridad; \u201cy eso se traduce en buenos resultados, es un buen ejemplo\u2026 <a href=\"https:\/\/t.co\/HrqK9dWhiG\">pic.twitter.com\/HrqK9dWhiG<\/a><\/p>&mdash; Zona Roja Oaxaca (@ZonaRoja_Oaxaca) <a href=\"https:\/\/twitter.com\/ZonaRoja_Oaxaca\/status\/1980491891457061070?ref_src=twsrc%5Etfw\">21 de octubre de 2025<\/a><\/blockquote><\/div>\n<\/div><\/figure>\n","protected":false},"excerpt":{"rendered":"<p>Raymundo Morales\/Zona Roja. Oaxaca, Oax., a 21 de octubre de 2025.- Autoridades estatales expresaron un&hellip;<\/p>\n","protected":false},"author":2,"featured_media":86044,"comment_status":"closed","ping_status":"open","sticky":false,"template":"","format":"standard","meta":{"_lmt_disableupdate":"","_lmt_disable":"","_jetpack_memberships_contains_paid_content":false,"footnotes":""},"categories":[109,46],"tags":[2533,337],"class_list":["post-86052","post","type-post","status-publish","format-standard","has-post-thumbnail","hentry","category-minuto-a-minuto","category-zona-blanca","tag-juan-carlos-garcia-marquez","tag-santa-lucia-del-camino"],"jetpack_featured_media_url":"https:\/\/zonaroja.com.mx\/wp-content\/uploads\/2025\/10\/Inauguracion-arco-de-seguridad-Santa-Lucia-del-Camino-edil-Juan-Carlos.jpg","jetpack_sharing_enabled":true,"_links":{"self":[{"href":"https:\/\/zonaroja.com.mx\/index.php?rest_route=\/wp\/v2\/posts\/86052","targetHints":{"allow":["GET"]}}],"collection":[{"href":"https:\/\/zonaroja.com.mx\/index.php?rest_route=\/wp\/v2\/posts"}],"about":[{"href":"https:\/\/zonaroja.com.mx\/index.php?rest_route=\/wp\/v2\/types\/post"}],"author":[{"embeddable":true,"href":"https:\/\/zonaroja.com.mx\/index.php?rest_route=\/wp\/v2\/users\/2"}],"replies":[{"embeddable":true,"href":"https:\/\/zonaroja.com.mx\/index.php?rest_route=%2Fwp%2Fv2%2Fcomments&post=86052"}],"version-history":[{"count":1,"href":"https:\/\/zonaroja.com.mx\/index.php?rest_route=\/wp\/v2\/posts\/86052\/revisions"}],"predecessor-version":[{"id":86053,"href":"https:\/\/zonaroja.com.mx\/index.php?rest_route=\/wp\/v2\/posts\/86052\/revisions\/86053"}],"wp:featuredmedia":[{"embeddable":true,"href":"https:\/\/zonaroja.com.mx\/index.php?rest_route=\/wp\/v2\/media\/86044"}],"wp:attachment":[{"href":"https:\/\/zonaroja.com.mx\/index.php?rest_route=%2Fwp%2Fv2%2Fmedia&parent=86052"}],"wp:term":[{"taxonomy":"category","embeddable":true,"href":"https:\/\/zonaroja.com.mx\/index.php?rest_route=%2Fwp%2Fv2%2Fcategories&post=86052"},{"taxonomy":"post_tag","embeddable":true,"href":"https:\/\/zonaroja.com.mx\/index.php?rest_route=%2Fwp%2Fv2%2Ftags&post=86052"}],"curies":[{"name":"wp","href":"https:\/\/api.w.org\/{rel}","templated":true}]}}