{"id":86054,"date":"2025-10-21T21:55:24","date_gmt":"2025-10-22T03:55:24","guid":{"rendered":"https:\/\/zonaroja.com.mx\/?p=86054"},"modified":"2025-10-21T21:55:25","modified_gmt":"2025-10-22T03:55:25","slug":"sentencian-a-40-anos-de-prision-a-individuo-que-asesino-a-madre-y-a-su-hija","status":"publish","type":"post","link":"https:\/\/zonaroja.com.mx\/?p=86054","title":{"rendered":"Sentencian a 40 a\u00f1os de prisi\u00f3n a individuo que asesin\u00f3 a madre y a su hija"},"content":{"rendered":"\n<p>Redacci\u00f3n\/Zona Roja.&nbsp;<\/p>\n\n\n\n<p>Oaxaca, Oax., a 21 de octubre de 2025.- La Fiscal\u00eda General del Estado de Oaxaca (FGEO) obtuvo una sentencia condenatoria de 40 a\u00f1os de prisi\u00f3n en contra de una persona del sexo masculino identificado como Nicol\u00e1s S.H., responsable por el delito de homicidio calificado con ventaja, cometido en agravio de dos mujeres (madre e hija), ocurrido en la regi\u00f3n de la Costa.<\/p>\n\n\n\n<p>Conforme al expediente penal del caso, los hechos ocurrieron el 7 de marzo de 2018, cuando las v\u00edctimas identificadas como F.M.M., y una menor de edad de iniciales E.A.M., se encontraban en el interior de su domicilio ubicado en la poblaci\u00f3n de Barrio Nuevo, Santo Domingo de Morelos perteneciente a San Pedro Pochutla, lugar donde lleg\u00f3 el hoy sentenciado y con arma tipo escopeta las priv\u00f3 de la vida.<\/p>\n\n\n\n<p>La investigaci\u00f3n detalla que las v\u00edctimas fueron trasladadas a un hospital de la ciudad de San Pedro Pochutla lugar donde perdieron la vida el 8 de marzo del 2018.<\/p>\n\n\n\n<p>Luego de que la FGEO tom\u00f3 conocimiento del caso, inici\u00f3 la investigaci\u00f3n correspondiente -a trav\u00e9s de la Vicefiscal\u00eda Regional de la Costa-, la cual permiti\u00f3 la detenci\u00f3n de Nicol\u00e1s S.H., para posteriormente, ponerlo a disposici\u00f3n de las autoridades judiciales.<\/p>\n\n\n\n<p>Derivado de la evaluaci\u00f3n de las pruebas aportadas por la FGEO, el Tribunal de Enjuiciamiento obtuvo los elementos suficientes para dictar sentencia condenatoria de 40 a\u00f1os de prisi\u00f3n en contra de Nicol\u00e1s S.H., por su responsabilidad en la comisi\u00f3n del delito de homicidio calificado con ventaja, adem\u00e1s de imponer el pago de m\u00e1s de 465 mil pesos, por concepto de la reparaci\u00f3n del da\u00f1o.<\/p>\n\n\n\n<p>OTRO POR LADR\u00d3N<\/p>\n\n\n\n<p>En otro caso, la Fiscal\u00eda General obtuvo una sentencia de nueve a\u00f1os de prisi\u00f3n contra una persona del sexo masculino identificada como Edgar L.C., responsable del delito de robo espec\u00edfico, cometido en la regi\u00f3n de la Costa.<\/p>\n\n\n\n<p>De acuerdo con la causa penal, los hechos ocurrieron el 30 de julio de 2024, cuando las v\u00edctimas circulaban a bordo de su veh\u00edculo sobre la calle Vicente Guerrero, en San Francisco Cozoaltepec, municipio de Santa Mar\u00eda Tonameca.<\/p>\n\n\n\n<p>La investigaci\u00f3n revela que, en el lugar, las v\u00edctimas fueron interceptadas por el sentenciado, quien abri\u00f3 violentamente la puerta del conductor y tom\u00f3 posesi\u00f3n de la unidad.<\/p>\n\n\n\n<p>Tras el robo, huy\u00f3 pero horas m\u00e1s tarde fue detenido por elementos de la Polic\u00eda Estatal cuando circulaba por la carretera que conduce a San Francisco Cozoaltepec.<\/p>\n\n\n\n<p>Durante la detenci\u00f3n, se le realiz\u00f3 una inspecci\u00f3n preventiva en la que se localiz\u00f3 un arma de fuego entre sus pertenencias.<\/p>\n\n\n\n<p>Gracias a las investigaciones ministeriales realizadas por la Fiscal\u00eda de Oaxaca -a trav\u00e9s de la Vicefiscal\u00eda Regional de la Costa-, el Tribunal de Enjuiciamiento dict\u00f3 sentencia condenatoria de nueve a\u00f1os de prisi\u00f3n contra Edgar L.C., adem\u00e1s de imponerle el pago por concepto de reparaci\u00f3n del da\u00f1o.<\/p>\n","protected":false},"excerpt":{"rendered":"<p>Redacci\u00f3n\/Zona Roja.&nbsp; Oaxaca, Oax., a 21 de octubre de 2025.- La Fiscal\u00eda General del Estado&hellip;<\/p>\n","protected":false},"author":2,"featured_media":86055,"comment_status":"closed","ping_status":"open","sticky":false,"template":"","format":"standard","meta":{"_lmt_disableupdate":"","_lmt_disable":"","_jetpack_memberships_contains_paid_content":false,"footnotes":""},"categories":[109,46],"tags":[494],"class_list":["post-86054","post","type-post","status-publish","format-standard","has-post-thumbnail","hentry","category-minuto-a-minuto","category-zona-blanca","tag-fiscalia-general-del-estado-de-oaxaca"],"jetpack_featured_media_url":"https:\/\/zonaroja.com.mx\/wp-content\/uploads\/2025\/10\/Sentenciado-por-homicidio-Fiscalia.jpeg","jetpack_sharing_enabled":true,"_links":{"self":[{"href":"https:\/\/zonaroja.com.mx\/index.php?rest_route=\/wp\/v2\/posts\/86054","targetHints":{"allow":["GET"]}}],"collection":[{"href":"https:\/\/zonaroja.com.mx\/index.php?rest_route=\/wp\/v2\/posts"}],"about":[{"href":"https:\/\/zonaroja.com.mx\/index.php?rest_route=\/wp\/v2\/types\/post"}],"author":[{"embeddable":true,"href":"https:\/\/zonaroja.com.mx\/index.php?rest_route=\/wp\/v2\/users\/2"}],"replies":[{"embeddable":true,"href":"https:\/\/zonaroja.com.mx\/index.php?rest_route=%2Fwp%2Fv2%2Fcomments&post=86054"}],"version-history":[{"count":1,"href":"https:\/\/zonaroja.com.mx\/index.php?rest_route=\/wp\/v2\/posts\/86054\/revisions"}],"predecessor-version":[{"id":86056,"href":"https:\/\/zonaroja.com.mx\/index.php?rest_route=\/wp\/v2\/posts\/86054\/revisions\/86056"}],"wp:featuredmedia":[{"embeddable":true,"href":"https:\/\/zonaroja.com.mx\/index.php?rest_route=\/wp\/v2\/media\/86055"}],"wp:attachment":[{"href":"https:\/\/zonaroja.com.mx\/index.php?rest_route=%2Fwp%2Fv2%2Fmedia&parent=86054"}],"wp:term":[{"taxonomy":"category","embeddable":true,"href":"https:\/\/zonaroja.com.mx\/index.php?rest_route=%2Fwp%2Fv2%2Fcategories&post=86054"},{"taxonomy":"post_tag","embeddable":true,"href":"https:\/\/zonaroja.com.mx\/index.php?rest_route=%2Fwp%2Fv2%2Ftags&post=86054"}],"curies":[{"name":"wp","href":"https:\/\/api.w.org\/{rel}","templated":true}]}}