{"id":86057,"date":"2025-10-21T21:57:54","date_gmt":"2025-10-22T03:57:54","guid":{"rendered":"https:\/\/zonaroja.com.mx\/?p=86057"},"modified":"2025-10-21T21:57:56","modified_gmt":"2025-10-22T03:57:56","slug":"reportan-en-orden-segura-y-limpia-a-oaxaca-capital-para-dia-de-muertos","status":"publish","type":"post","link":"https:\/\/zonaroja.com.mx\/?p=86057","title":{"rendered":"Reportan en orden, segura y limpia a Oaxaca capital, para D\u00eda de Muertos"},"content":{"rendered":"\n<p>Redacci\u00f3n\/Zona Roja.<\/p>\n\n\n\n<p>Oaxaca, Oax., 21 de octubre de 2025.\u2013 En conferencia de prensa encabezada por el presidente municipal Ray Chagoya, se present\u00f3 la cartelera oficial del D\u00eda de Muertos 2025, una celebraci\u00f3n que reafirma a la capital oaxaque\u00f1a como el coraz\u00f3n cultural de M\u00e9xico.<\/p>\n\n\n\n<p>Acompa\u00f1ado por la secretaria de Turismo Municipal, Alicia Bueno, el edil destac\u00f3 que la administraci\u00f3n municipal prepara una ciudad limpia, ordenada y segura, lista para recibir a miles de visitantes y a las familias oaxaque\u00f1as.<\/p>\n\n\n\n<p>Subray\u00f3 que se reforzar\u00e1n los operativos de seguridad, limpieza y orden en panteones y espacios p\u00fablicos, con el prop\u00f3sito de que la celebraci\u00f3n se viva con alegr\u00eda y respeto.<\/p>\n\n\n\n<p>Bajo el lema \u201cOaxaca Ciudad: limpia, ordenada y segura, eternamente viva\u201d, la Secretar\u00eda de Turismo Municipal dio a conocer una programaci\u00f3n cultural que se desarrollar\u00e1 del 28 de octubre al 8 de noviembre, con actividades que llenar\u00e1n de color, m\u00fasica y misticismo las calles, plazas y panteones de la ciudad.<\/p>\n\n\n\n<p>Entre los eventos destacan la exposici\u00f3n Tzompantli en el parque \u201cEl Llano\u201d, la Magna Comparsa del 30 de octubre, el Sendero del Cempas\u00fachil y el espect\u00e1culo Oaxaca se Vive Hasta la Muerte el 31 de octubre, adem\u00e1s de conciertos, leyendas y la tradicional comparsa femenil de San Mat\u00edas Jalatlaco el 8 de noviembre.<\/p>\n\n\n\n<p>La secretaria Alicia Bueno destac\u00f3 que este programa promueve el turismo responsable y la participaci\u00f3n vecinal, mientras que Ray Chagoya reafirm\u00f3 el compromiso de su gobierno de seguir construyendo una capital viva, orgullosa de su historia y de sus tradiciones.<\/p>\n","protected":false},"excerpt":{"rendered":"<p>Redacci\u00f3n\/Zona Roja. Oaxaca, Oax., 21 de octubre de 2025.\u2013 En conferencia de prensa encabezada por&hellip;<\/p>\n","protected":false},"author":2,"featured_media":86058,"comment_status":"closed","ping_status":"open","sticky":false,"template":"","format":"standard","meta":{"_lmt_disableupdate":"","_lmt_disable":"","_jetpack_memberships_contains_paid_content":false,"footnotes":""},"categories":[109,46],"tags":[148,4403],"class_list":["post-86057","post","type-post","status-publish","format-standard","has-post-thumbnail","hentry","category-minuto-a-minuto","category-zona-blanca","tag-oaxaca-de-juarez","tag-ray-chagoya"],"jetpack_featured_media_url":"https:\/\/zonaroja.com.mx\/wp-content\/uploads\/2025\/10\/Ray-Chagoya-conferencia.jpeg","jetpack_sharing_enabled":true,"_links":{"self":[{"href":"https:\/\/zonaroja.com.mx\/index.php?rest_route=\/wp\/v2\/posts\/86057","targetHints":{"allow":["GET"]}}],"collection":[{"href":"https:\/\/zonaroja.com.mx\/index.php?rest_route=\/wp\/v2\/posts"}],"about":[{"href":"https:\/\/zonaroja.com.mx\/index.php?rest_route=\/wp\/v2\/types\/post"}],"author":[{"embeddable":true,"href":"https:\/\/zonaroja.com.mx\/index.php?rest_route=\/wp\/v2\/users\/2"}],"replies":[{"embeddable":true,"href":"https:\/\/zonaroja.com.mx\/index.php?rest_route=%2Fwp%2Fv2%2Fcomments&post=86057"}],"version-history":[{"count":1,"href":"https:\/\/zonaroja.com.mx\/index.php?rest_route=\/wp\/v2\/posts\/86057\/revisions"}],"predecessor-version":[{"id":86059,"href":"https:\/\/zonaroja.com.mx\/index.php?rest_route=\/wp\/v2\/posts\/86057\/revisions\/86059"}],"wp:featuredmedia":[{"embeddable":true,"href":"https:\/\/zonaroja.com.mx\/index.php?rest_route=\/wp\/v2\/media\/86058"}],"wp:attachment":[{"href":"https:\/\/zonaroja.com.mx\/index.php?rest_route=%2Fwp%2Fv2%2Fmedia&parent=86057"}],"wp:term":[{"taxonomy":"category","embeddable":true,"href":"https:\/\/zonaroja.com.mx\/index.php?rest_route=%2Fwp%2Fv2%2Fcategories&post=86057"},{"taxonomy":"post_tag","embeddable":true,"href":"https:\/\/zonaroja.com.mx\/index.php?rest_route=%2Fwp%2Fv2%2Ftags&post=86057"}],"curies":[{"name":"wp","href":"https:\/\/api.w.org\/{rel}","templated":true}]}}