{"id":86062,"date":"2025-10-22T09:15:00","date_gmt":"2025-10-22T15:15:00","guid":{"rendered":"https:\/\/zonaroja.com.mx\/?p=86062"},"modified":"2025-10-22T06:35:19","modified_gmt":"2025-10-22T12:35:19","slug":"inversiones-sin-precedente-en-oaxaca-sin-contratar-deuda-finanzas","status":"publish","type":"post","link":"https:\/\/zonaroja.com.mx\/?p=86062","title":{"rendered":"Inversiones sin precedente en Oaxaca, sin contratar deuda: Finanzas"},"content":{"rendered":"\n<p>Raymundo Morales\/Zona Roja.<\/p>\n\n\n\n<p>Oaxaca, Oax., a 22 de octubre del 2025.- Al t\u00e9rmino del a\u00f1o 2025, la inversi\u00f3n p\u00fablica en Oaxaca para obras y acciones sociales podr\u00eda ascender a 30 mil millones de pesos, sin contratar deuda p\u00fablica.<\/p>\n\n\n\n<p>As\u00ed lo estableci\u00f3 el titular de la Secretar\u00eda de Finanzas del gobierno de Oaxaca, Farid Acevedo L\u00f3pez, durante la reciente conferencia de prensa del gobernador Salom\u00f3n Jara Cruz.<\/p>\n\n\n\n<p>Seg\u00fan las cifras que detall\u00f3, los recursos financieros asignados en los primeros tres a\u00f1os del actual sexenio del gobierno de Morena, superan por mucho lo realizado en las administraciones de Alejandro Murat Hinojosa y de Gabino Cu\u00e9 Monteagudo.<\/p>\n\n\n\n<p>Expuso que al 30 de septiembre de 2025, el estado ha ejercido una inversi\u00f3n p\u00fablica acumulada de 27 mil 800 millones de pesos en los \u00faltimos tres a\u00f1os, cifra sin precedentes en la historia reciente de la entidad.\u00a0<\/p>\n\n\n\n<p>Acevedo L\u00f3pez critic\u00f3 que en a\u00f1os anteriores, la obra p\u00fablica y otras acciones se ejecutaban con empr\u00e9stitos, como el caso del sexenio priista anterior, en que Murat Hinojosa recurri\u00f3 a una deuda de tres mil 500 millones de pesos para efectuar infraestructura.<\/p>\n\n\n\n<p>Expuso que el promedio anual de inversi\u00f3n p\u00fablica durante el sexenio anterior fue de alrededor de cinco mil millones de pesos, mientras que el gobierno actual que encabeza Salom\u00f3n Jara supera ya los 10 mil millones anuales proyectados para 2025.<\/p>\n\n\n\n<p>\u201cLo m\u00e1s rescatable es que hasta ahora no hemos recurrido a ning\u00fan endeudamiento p\u00fablico. Hemos invertido m\u00e1s que nunca, pero con recursos propios, con planeaci\u00f3n y con sentido social\u201d, puntualiz\u00f3 el secretario de Finanzas.<\/p>\n\n\n\n<p>De esta manera, pr\u00e1cticamente los 570 municipios de Oaxaca cuenten con al menos una obra p\u00fablica activa, evitando la concentraci\u00f3n hist\u00f3rica del gasto en las zonas urbanas y equilibrando el desarrollo regional, puntualiz\u00f3.<\/p>\n\n\n\n<p>Hasta septiembre de 2025, los recursos se han destinado principalmente a asistencia social, con cinco mil 200 millones de pesos;, carreteras y caminos, con tres mil 600 millones.<\/p>\n\n\n\n<p>Educaci\u00f3n e investigaci\u00f3n, con dos mil 820 millones; desarrollo agr\u00edcola con dos mil 243 millones; seguridad p\u00fablica y justicia con mil 121 millones de pesos.&nbsp;<\/p>\n\n\n\n<p>Por regiones, en Valles Centrales se concentran 14 mil millones de pesos, mientras que en la Costa se destinan dos mil 300 millones, en la Mixteca dos mil millones, en el Istmo mil 900 millones, y en la Cuenca del Papaloapan mil 230 millones de pesos.&nbsp;<\/p>\n\n\n\n<p>El secretario de Finanzas apunt\u00f3 que al cierre del 2025 se proyecta una inversi\u00f3n de 30 mil millones de pesos, cifra que consolidar\u00eda el periodo como el m\u00e1s productivo en t\u00e9rminos de obra p\u00fablica y desarrollo social de la historia moderna de Oaxaca.\u00a0<\/p>\n\n\n\n<figure class=\"wp-block-embed is-type-rich is-provider-twitter wp-block-embed-twitter\"><div class=\"wp-block-embed__wrapper\">\n<div class=\"twitter-tweet\"><blockquote class=\"twitter-tweet\" data-lang=\"es\"><p lang=\"es\" dir=\"ltr\">La inversi\u00f3n p\u00fablica en infraestructura y programas sociales ascender\u00eda a 27 mil millones de pesos en los tres primeros a\u00f1os del sexenio de <a href=\"https:\/\/twitter.com\/salomonj?ref_src=twsrc%5Etfw\">@salomonj<\/a>, asegur\u00f3 el secretario de Finanzas, <a href=\"https:\/\/twitter.com\/Farid_AcevedoL?ref_src=twsrc%5Etfw\">@Farid_AcevedoL<\/a>, al precisar que lo m\u00e1s relevante de ello es que se ha hecho sin contratar\u2026 <a href=\"https:\/\/t.co\/2ELApHmqB0\">pic.twitter.com\/2ELApHmqB0<\/a><\/p>&mdash; Zona Roja Oaxaca (@ZonaRoja_Oaxaca) <a href=\"https:\/\/twitter.com\/ZonaRoja_Oaxaca\/status\/1980368002739761315?ref_src=twsrc%5Etfw\">20 de octubre de 2025<\/a><\/blockquote><\/div>\n<\/div><\/figure>\n","protected":false},"excerpt":{"rendered":"<p>Raymundo Morales\/Zona Roja. Oaxaca, Oax., a 22 de octubre del 2025.- Al t\u00e9rmino del a\u00f1o&hellip;<\/p>\n","protected":false},"author":2,"featured_media":86045,"comment_status":"closed","ping_status":"open","sticky":false,"template":"","format":"standard","meta":{"_lmt_disableupdate":"","_lmt_disable":"","_jetpack_memberships_contains_paid_content":false,"footnotes":""},"categories":[109,46],"tags":[3507,939],"class_list":["post-86062","post","type-post","status-publish","format-standard","has-post-thumbnail","hentry","category-minuto-a-minuto","category-zona-blanca","tag-farid-acevedo-lopez","tag-salomon-jara-cruz"],"jetpack_featured_media_url":"https:\/\/zonaroja.com.mx\/wp-content\/uploads\/2025\/10\/Secretario-de-Finanzas-conferenca-Farid-Lopez.jpg","jetpack_sharing_enabled":true,"_links":{"self":[{"href":"https:\/\/zonaroja.com.mx\/index.php?rest_route=\/wp\/v2\/posts\/86062","targetHints":{"allow":["GET"]}}],"collection":[{"href":"https:\/\/zonaroja.com.mx\/index.php?rest_route=\/wp\/v2\/posts"}],"about":[{"href":"https:\/\/zonaroja.com.mx\/index.php?rest_route=\/wp\/v2\/types\/post"}],"author":[{"embeddable":true,"href":"https:\/\/zonaroja.com.mx\/index.php?rest_route=\/wp\/v2\/users\/2"}],"replies":[{"embeddable":true,"href":"https:\/\/zonaroja.com.mx\/index.php?rest_route=%2Fwp%2Fv2%2Fcomments&post=86062"}],"version-history":[{"count":1,"href":"https:\/\/zonaroja.com.mx\/index.php?rest_route=\/wp\/v2\/posts\/86062\/revisions"}],"predecessor-version":[{"id":86063,"href":"https:\/\/zonaroja.com.mx\/index.php?rest_route=\/wp\/v2\/posts\/86062\/revisions\/86063"}],"wp:featuredmedia":[{"embeddable":true,"href":"https:\/\/zonaroja.com.mx\/index.php?rest_route=\/wp\/v2\/media\/86045"}],"wp:attachment":[{"href":"https:\/\/zonaroja.com.mx\/index.php?rest_route=%2Fwp%2Fv2%2Fmedia&parent=86062"}],"wp:term":[{"taxonomy":"category","embeddable":true,"href":"https:\/\/zonaroja.com.mx\/index.php?rest_route=%2Fwp%2Fv2%2Fcategories&post=86062"},{"taxonomy":"post_tag","embeddable":true,"href":"https:\/\/zonaroja.com.mx\/index.php?rest_route=%2Fwp%2Fv2%2Ftags&post=86062"}],"curies":[{"name":"wp","href":"https:\/\/api.w.org\/{rel}","templated":true}]}}