{"id":8607,"date":"2020-02-10T08:58:37","date_gmt":"2020-02-10T14:58:37","guid":{"rendered":"http:\/\/www.zonaroja.com.mx\/?p=8607"},"modified":"2020-02-10T08:42:49","modified_gmt":"2020-02-10T14:42:49","slug":"opinion-se-acabo-el-sexenio-de-alejandro-murat-salomon-jara-y-sus-ansias-ii","status":"publish","type":"post","link":"https:\/\/zonaroja.com.mx\/?p=8607","title":{"rendered":"Opini\u00f3n. Se acab\u00f3 el sexenio de Alejandro Murat; Salom\u00f3n Jara y sus ansias (II)"},"content":{"rendered":"\n<p>Ismael Garc\u00eda M.\/Zona Roja.<\/p>\n\n\n\n<p>Oaxaca de Ju\u00e1rez, Oax., 10 de febrero\nde 2020.- #JuntosSalvemosOaxaca es la nueva etiqueta que posiciona en sus redes\nsociales, aunque no define de qui\u00e9n o de qu\u00e9 quiere salvar al estado.<\/p>\n\n\n\n<p>Quiere por en\u00e9sima vez ser candidato a\ngobernador de Oaxaca y sus ansias &#8211;crecidas por el cargo de vicepresidente de\nla Mesa Directiva que ostenta en el Senado de la Rep\u00fablica&#8211; le han llevado a,\nliteralmente, saquear los ayuntamientos morenistas del estado.<\/p>\n\n\n\n<p>La dinast\u00eda Jara Cruz (Salom\u00f3n y Amador\n&#8211;patriarca a\u00fan del PRD&#8211; adem\u00e1s de No\u00e9) se empoder\u00f3 social y pol\u00edticamente en\nlos 80, tras iniciar su lucha en pueblos de la Costa chica, al lado de Flavio\nSosa Villavivencio, donde tuvo su hegemon\u00eda por mucho tiempo el PRD.<\/p>\n\n\n\n<p>Pero esa familia ha buscado \u00fanicamente\nlos cargos para servirse pol\u00edtica y econ\u00f3micamente, mas no para llevar la\njusticia social a los m\u00e1s pobres, cual fue el ideal con el que nacieron en la\nlucha de las izquierdas.<\/p>\n\n\n\n<p>Amador Jara lleva por lo menos tres\nlustros en cargos perredistas y a\u00fan controla algunas huestes de lo que queda en\nese partido. No\u00e9 prefiere servirse de los cargos que le buscan sus hermanos y\nha sido de todo, a nivel administrativo y pol\u00edtico.<\/p>\n\n\n\n<p>Un reciente ejemplo en el caso de Salom\u00f3n: aunque lo neg\u00f3 al diario \u201cEl Universal\u201d e incluso envi\u00f3 una carta aclaratoria, todos sus allegados y familiares saben que es propietario de una magna residencia en las faldas del cerro de San Felipe, a unos metros del Libramiento Norte, cuya vista domina todo el valle metropolitano.<\/p>\n\n\n\n<p>Salom\u00f3n recorre, desde que inici\u00f3 su\ncargo legislativo, todos los fines de semana, los pueblos de Oaxaca. Y no lo\nhace para explicar qu\u00e9 ha hecho por la entidad desde su funci\u00f3n; m\u00e1s bien,\npromueve su imagen a trav\u00e9s de las autoridades municipales, que financian sus\nrecorridos.<\/p>\n\n\n\n<p>No explica de d\u00f3nde salen los recursos\nfinancieros que usa cada fin de semana en recorridos, de por lo menos tres\nd\u00edas, en pueblos apartados, y que incluyen combustible, vi\u00e1ticos, hospedaje,\nalimentaci\u00f3n, mantenimiento de veh\u00edculos, entre otros. En \u00e9l no aplica el \u201cNo\nmentir, no robar y no traicionar al pueblo\u201d.<\/p>\n\n\n\n<p>DEL SUELO AL CIELO<\/p>\n\n\n\n<p>Hasta antes del 2006, Salom\u00f3n era\npr\u00e1cticamente don nadie; conocido solamente en la Costa chica, donde tuvo una\nimportante influencia y crecimiento social con la Uni\u00f3n Campesina Democr\u00e1tica\n(UCD) &#8211;del que fue secretario General&#8211;, al lado de Amador y Flavio.<\/p>\n\n\n\n<p>No se involucr\u00f3 en la lucha social de\nese a\u00f1o, como s\u00ed lo hizo Flavio Sosa y dem\u00e1s izquierdistas, y opt\u00f3 por seguir\nbuscando cargos pol\u00edticos. <\/p>\n\n\n\n<p>El ingeniero agr\u00f3nomo originario de San\nMelchor Betaza ha ido de un cargo legislativo local a uno federal, en ambas\nc\u00e1maras en este \u00faltimo caso. Tras ser presidente estatal del PRD (1991 a 1992),\nfue diputado federal (1991 a 1993); diputado local (2004 a 2006) y senador (2006\na 2010).<\/p>\n\n\n\n<p>Fue en este \u00faltimo lapso en que busc\u00f3\nmayor acercamiento con Andr\u00e9s Manuel L\u00f3pez Obrador y fue tambi\u00e9n uno de los\npoco que acompa\u00f1\u00f3 al hoy Presidente de M\u00e9xico, as\u00ed como a Gabino Cu\u00e9, a\nrecorrer por tierra la mayor\u00eda de los 570 municipios.<\/p>\n\n\n\n<p>Ya con Cu\u00e9 como gobernador, fue\nfuncionario de la Secretar\u00eda de Desarrollo Agropecuario, Forestal y Pesquero\ndel Gobierno de Oaxaca, de donde sali\u00f3 se\u00f1alado de corrupci\u00f3n, por lo cual dej\u00f3\nel cargo en 2013. <\/p>\n\n\n\n<p>\u201cEn septiembre de 2013, fund\u00e9 con el licenciado\nAndr\u00e9s Manuel L\u00f3pez Obrador, el partido Movimiento Regeneraci\u00f3n Nacional\n(MORENA), en nuestro estado\u201d, presume en su semblanza.<\/p>\n\n\n\n<p>En 2016 fue candidato a gobernador por\nMorena, cargo que estuvo a punto de ganar, pero por acuerdos pol\u00edticos, m\u00e1s que\nvotos, cedi\u00f3 a Alejandro Murat Hinojosa; en 2018 fue candidato a senador, cargo\nque gan\u00f3 en segunda f\u00f3rmula.<\/p>\n\n\n\n<p>ETERNO ASPIRANTE<\/p>\n\n\n\n<p>Pero desde que asumi\u00f3 su posici\u00f3n\nlegislativa en la C\u00e1mara Alta, a finales de 2018, en que fue designado tambi\u00e9n\ncomo vocero del grupo parlamentario, ha vuelto a las campa\u00f1as electorales, pese\na que ahora ya no forma parte del primer c\u00edrculo del Presidente de M\u00e9xico.\nIncluso ha sido abucheado en las giras del mandatario por Oaxaca.<\/p>\n\n\n\n<p>Amplias han sido las cr\u00edticas por\nobligar a las autoridades municipales &#8211;Salina Cruz, el caso m\u00e1s evidente y\ndocumentado&#8211; a financiar con recursos p\u00fablicos sus recorridos.<\/p>\n\n\n\n<p>Apenas este fin de semana estuvo en\nvarios pueblos de la regi\u00f3n Ca\u00f1ada y la semana pasada en el Istmo. <\/p>\n\n\n\n<p>Tan engallado est\u00e1 que enfrenta a las\nautoridades estatales y ha amenazado con tramitar la revocaci\u00f3n del cargo al\nfiscal Rub\u00e9n Vasconcelos M\u00e9ndez, por inepto.<\/p>\n\n\n\n<p>Tan engallado est\u00e1 que las autoridades\ndel Istmo &#8211;Tehuantepec, Salina Cruz, San Blas Atempa, Juchit\u00e1n, Mat\u00edas Romero,\nentre otros&#8211; ya ni siquiera obedecen las consignas y designios del Presidente\nde M\u00e9xico, sino \u201clo que diga Salom\u00f3n\u201d.<\/p>\n\n\n\n<p>Tan engallado est\u00e1 que pone y quita\nfuncionarios de distintos \u00f3rganos desde el Congreso local, donde tambi\u00e9n\ndomina. Lo mismo hizo con su hija Bxido, que impuso inicialmente como enlace\nfederal en materia de seguridad, nepotismo por el cual fue criticado duramente.<\/p>\n\n\n\n<p>Tan engallado est\u00e1 que, a tres a\u00f1os de\nla pr\u00f3xima contienda, ya se siente candidato a gobernador por Morena, y ya se\nsiente el pr\u00f3ximo gobernador.<\/p>\n\n\n\n<p>Pero, por ahora, no tiene la bendici\u00f3n\nde L\u00f3pez Obrador y el dedito del jerarca de Morena se mueve de un lado para\notro, no de arriba hacia abajo. Por lo menos, el Presidente de M\u00e9xico tiene\notros datos, y en esos no est\u00e1 el nombre de Salom\u00f3n.<\/p>\n\n\n\n<p>Pr\u00f3xima semana: Se acab\u00f3 el sexenio de\nAlejandro Murat; Adelfo Regino y los se\u00f1alamientos de corrupci\u00f3n (III)<\/p>\n","protected":false},"excerpt":{"rendered":"<p>Ismael Garc\u00eda M.\/Zona Roja. Oaxaca de Ju\u00e1rez, Oax., 10 de febrero de 2020.- #JuntosSalvemosOaxaca es&hellip;<\/p>\n","protected":false},"author":2,"featured_media":7610,"comment_status":"closed","ping_status":"open","sticky":false,"template":"","format":"standard","meta":{"_lmt_disableupdate":"","_lmt_disable":"","_jetpack_memberships_contains_paid_content":false,"footnotes":""},"categories":[456,109,48],"tags":[1353],"class_list":["post-8607","post","type-post","status-publish","format-standard","has-post-thumbnail","hentry","category-columna","category-minuto-a-minuto","category-zona-critica","tag-opinion-zona-critica"],"jetpack_featured_media_url":"https:\/\/zonaroja.com.mx\/wp-content\/uploads\/2020\/01\/Opini\u00f3n-Zona-Cr\u00edtica.jpg","jetpack_sharing_enabled":true,"_links":{"self":[{"href":"https:\/\/zonaroja.com.mx\/index.php?rest_route=\/wp\/v2\/posts\/8607","targetHints":{"allow":["GET"]}}],"collection":[{"href":"https:\/\/zonaroja.com.mx\/index.php?rest_route=\/wp\/v2\/posts"}],"about":[{"href":"https:\/\/zonaroja.com.mx\/index.php?rest_route=\/wp\/v2\/types\/post"}],"author":[{"embeddable":true,"href":"https:\/\/zonaroja.com.mx\/index.php?rest_route=\/wp\/v2\/users\/2"}],"replies":[{"embeddable":true,"href":"https:\/\/zonaroja.com.mx\/index.php?rest_route=%2Fwp%2Fv2%2Fcomments&post=8607"}],"version-history":[{"count":2,"href":"https:\/\/zonaroja.com.mx\/index.php?rest_route=\/wp\/v2\/posts\/8607\/revisions"}],"predecessor-version":[{"id":8618,"href":"https:\/\/zonaroja.com.mx\/index.php?rest_route=\/wp\/v2\/posts\/8607\/revisions\/8618"}],"wp:featuredmedia":[{"embeddable":true,"href":"https:\/\/zonaroja.com.mx\/index.php?rest_route=\/wp\/v2\/media\/7610"}],"wp:attachment":[{"href":"https:\/\/zonaroja.com.mx\/index.php?rest_route=%2Fwp%2Fv2%2Fmedia&parent=8607"}],"wp:term":[{"taxonomy":"category","embeddable":true,"href":"https:\/\/zonaroja.com.mx\/index.php?rest_route=%2Fwp%2Fv2%2Fcategories&post=8607"},{"taxonomy":"post_tag","embeddable":true,"href":"https:\/\/zonaroja.com.mx\/index.php?rest_route=%2Fwp%2Fv2%2Ftags&post=8607"}],"curies":[{"name":"wp","href":"https:\/\/api.w.org\/{rel}","templated":true}]}}