{"id":86071,"date":"2025-10-22T12:15:00","date_gmt":"2025-10-22T18:15:00","guid":{"rendered":"https:\/\/zonaroja.com.mx\/?p=86071"},"modified":"2025-10-22T07:02:20","modified_gmt":"2025-10-22T13:02:20","slug":"inician-en-xoxocotlan-las-caravanas-literarias-en-escuelas-de-oaxaca","status":"publish","type":"post","link":"https:\/\/zonaroja.com.mx\/?p=86071","title":{"rendered":"Inician en Xoxocotl\u00e1n las Caravanas Literarias en escuelas de Oaxaca"},"content":{"rendered":"\n<p>Redacci\u00f3n\/Zona Roja.&nbsp;<\/p>\n\n\n\n<p>Oaxaca, Oax., a 22 de octubre de 2025.\u2013 Libros, historias y entusiasmo juvenil marcaron el inicio de las Caravanas Literarias en el municipio de Santa Cruz Xoxocotl\u00e1n, un programa impulsado por el Gobierno del Estado de Oaxaca a trav\u00e9s del Instituto Estatal de Creaci\u00f3n Literaria y Promoci\u00f3n de la Lectura.<\/p>\n\n\n\n<p>El ayuntamiento, presidido por Nancy Ben\u00edtez Z\u00e1rate, fue el punto de arranque de esta estrategia que recorrer\u00e1 comunidades de todas las regiones del estado para fomentar el gusto por la lectura entre las juventudes oaxaque\u00f1as.&nbsp;<\/p>\n\n\n\n<p>La caravana visitar\u00e1 principalmente planteles de los subsistemas escolares Cecyte, IEBO, Cobao, CSEIIO y CESEEO.<\/p>\n\n\n\n<p>En el acto inaugural, la edil xoxe\u00f1a estuvo acompa\u00f1ada por la secretaria de Educaci\u00f3n P\u00fablica de Oaxaca, Delfina Guzm\u00e1n D\u00edaz; la secretaria de Interculturalidad, Pueblos y Comunidades Ind\u00edgenas y Afromexicanas, Juana Hern\u00e1ndez L\u00f3pez; la directora general del Instituto Estatal de Creaci\u00f3n Literaria y Promoci\u00f3n de la Lectura, Carmen S\u00e1nchez Parada, as\u00ed como integrantes de su Cabildo.<\/p>\n\n\n\n<p>\u201cEn Santa Cruz Xoxocotl\u00e1n seguiremos trabajando para brindar m\u00e1s espacios donde la cultura florezca, donde las ni\u00f1as y los ni\u00f1os crezcan con oportunidades y donde so\u00f1ar siga siendo parte de nuestra forma de vivir\u201d, destac\u00f3 Ben\u00edtez Z\u00e1rate ante estudiantes del Cecyte Plantel 29 de la agencia municipal de Esquipulas.<\/p>\n\n\n\n<p>Por su parte, la titular del Instituto Estatal de Creaci\u00f3n Literaria y Promoci\u00f3n de la Lectura, agradeci\u00f3 a la administraci\u00f3n de la presidenta Nancy Ben\u00edtez, por abrir las puertas a la promoci\u00f3n de la lectura y llevarla a otros lugares.<\/p>\n\n\n\n<p>La jornada incluy\u00f3 diversas actividades, como un conversatorio impartido por el historiador Pedro Salmer\u00f3n, un rally literario, la presentaci\u00f3n musical del grupo \u201cPuro Berrinche\u201d, as\u00ed como un tendido y donaci\u00f3n colectiva de libros.<\/p>\n\n\n\n<p>El evento tambi\u00e9n cont\u00f3 con la presencia de las y los titulares del Cecyte, Blanca Mart\u00ednez Guzm\u00e1n; de la Polic\u00eda Vial, Toribio L\u00f3pez S\u00e1nchez; de Fomento a la Lectura, F\u00e9lix Tonatiuh Huerta S\u00e1nchez; del IEBO, Francisco Salinas Huergo, y, en representaci\u00f3n del Instituto de Lenguas Ind\u00edgenas de Oaxaca, Ariana Osorio.<\/p>\n","protected":false},"excerpt":{"rendered":"<p>Redacci\u00f3n\/Zona Roja.&nbsp; Oaxaca, Oax., a 22 de octubre de 2025.\u2013 Libros, historias y entusiasmo juvenil&hellip;<\/p>\n","protected":false},"author":2,"featured_media":86069,"comment_status":"closed","ping_status":"open","sticky":false,"template":"","format":"standard","meta":{"_lmt_disableupdate":"","_lmt_disable":"","_jetpack_memberships_contains_paid_content":false,"footnotes":""},"categories":[109,46],"tags":[3376,133],"class_list":["post-86071","post","type-post","status-publish","format-standard","has-post-thumbnail","hentry","category-minuto-a-minuto","category-zona-blanca","tag-nancy-benitez","tag-santa-cruz-xoxocotlan"],"jetpack_featured_media_url":"https:\/\/zonaroja.com.mx\/wp-content\/uploads\/2025\/10\/Xoxocotlan-punto-de-arranque-de-las-Caravanas-Literarias-en-Oaxaca-4.jpeg","jetpack_sharing_enabled":true,"_links":{"self":[{"href":"https:\/\/zonaroja.com.mx\/index.php?rest_route=\/wp\/v2\/posts\/86071","targetHints":{"allow":["GET"]}}],"collection":[{"href":"https:\/\/zonaroja.com.mx\/index.php?rest_route=\/wp\/v2\/posts"}],"about":[{"href":"https:\/\/zonaroja.com.mx\/index.php?rest_route=\/wp\/v2\/types\/post"}],"author":[{"embeddable":true,"href":"https:\/\/zonaroja.com.mx\/index.php?rest_route=\/wp\/v2\/users\/2"}],"replies":[{"embeddable":true,"href":"https:\/\/zonaroja.com.mx\/index.php?rest_route=%2Fwp%2Fv2%2Fcomments&post=86071"}],"version-history":[{"count":1,"href":"https:\/\/zonaroja.com.mx\/index.php?rest_route=\/wp\/v2\/posts\/86071\/revisions"}],"predecessor-version":[{"id":86072,"href":"https:\/\/zonaroja.com.mx\/index.php?rest_route=\/wp\/v2\/posts\/86071\/revisions\/86072"}],"wp:featuredmedia":[{"embeddable":true,"href":"https:\/\/zonaroja.com.mx\/index.php?rest_route=\/wp\/v2\/media\/86069"}],"wp:attachment":[{"href":"https:\/\/zonaroja.com.mx\/index.php?rest_route=%2Fwp%2Fv2%2Fmedia&parent=86071"}],"wp:term":[{"taxonomy":"category","embeddable":true,"href":"https:\/\/zonaroja.com.mx\/index.php?rest_route=%2Fwp%2Fv2%2Fcategories&post=86071"},{"taxonomy":"post_tag","embeddable":true,"href":"https:\/\/zonaroja.com.mx\/index.php?rest_route=%2Fwp%2Fv2%2Ftags&post=86071"}],"curies":[{"name":"wp","href":"https:\/\/api.w.org\/{rel}","templated":true}]}}