{"id":86073,"date":"2025-10-22T11:15:00","date_gmt":"2025-10-22T17:15:00","guid":{"rendered":"https:\/\/zonaroja.com.mx\/?p=86073"},"modified":"2025-10-22T07:38:58","modified_gmt":"2025-10-22T13:38:58","slug":"disuelve-inm-caravana-migrante-en-oaxaca-reciben-visas-y-llegan-a-cdmx","status":"publish","type":"post","link":"https:\/\/zonaroja.com.mx\/?p=86073","title":{"rendered":"Disuelve INM caravana migrante en Oaxaca; reciben visas y llegan a Cdmx"},"content":{"rendered":"\n<p>Redacci\u00f3n\/Zona Roja Cdmx.<\/p>\n\n\n\n<p>(Informaci\u00f3n de \u201cLa Jornada\u201d)<\/p>\n\n\n\n<p>Ciudad de M\u00e9xico, a 22 de octubre de 2025.- El \u00faltimo grupo de la caravana migrante \u201cPor la Libertad\u201d que avanzaba por el Istmo de Tehuantepec, Oaxaca, en busca de llegar a la Ciudad de M\u00e9xico fue disuelta por autoridades del Instituto Nacional de Migraci\u00f3n, informaron fuentes de seguridad.&nbsp;<\/p>\n\n\n\n<p>Unos 300 integrantes que salieron de Chiapas el s\u00e1bado y segu\u00edan caminando por Oaxaca despu\u00e9s de 20 d\u00edas de trayecto, decidieron aceptar Formas Migratorias M\u00faltiples por parte de las autoridades migratorias, cuyo documento les permitiera seguir su camino en autob\u00fas.&nbsp;<\/p>\n\n\n\n<p>D\u00edas previos la caravana se fue disminuyendo. Muchos accedieron a los ofrecimientos del INM de ser devueltos a Tapachula y otros m\u00e1s de ser llevados a Veracruz.&nbsp;<\/p>\n\n\n\n<p>Los migrantes recibieron visas por razones humanitarias y varios lograron llegar a la capital de pa\u00eds, que era el objetivo primordial del \u00e9xodo.&nbsp;<\/p>\n\n\n\n<p>\u201cYa estamos aqu\u00ed en Ciudad de M\u00e9xico, llegamos a anoche, ahora estamos buscando d\u00f3nde rentar. Y vamos a buscar d\u00f3nde trabajar. Logramos el objetivo\u201d, dijo v\u00eda telef\u00f3nica la cubana Nelly Garc\u00eda.&nbsp;<\/p>\n\n\n\n<p>La caravana migrante \u201cPor la Libertad\u201d parti\u00f3 de Tapachula el pasado 1\u00b0 de octubre con m\u00e1s de mil integrantes. Durante 20 d\u00edas caminaron casi 300 kil\u00f3metros, un trayecto que en autom\u00f3vil se har\u00eda en cuatro horas.&nbsp;<\/p>\n\n\n\n<p>El \u00e9xodo sali\u00f3 de la frontera sur tras denunciar que sus tr\u00e1mites de asilo ante la Comisi\u00f3n Mexicana de Ayuda a Refugiados tardaba meses, incluso m\u00e1s de un a\u00f1o, y no ten\u00edan condiciones de estancia para esperar.&nbsp;<\/p>\n\n\n\n<p>De acuerdo a sus testimonios, el trabajo escasea y las pocas opciones laborales son mal pagadas y con jornadas de explotaci\u00f3n.&nbsp;<\/p>\n\n\n\n<p>Por ello buscaron llegar a otras zonas del pa\u00eds con mejores salarios mientras segu\u00edan sus tr\u00e1mites de regularizaci\u00f3n. Por ahora no consideraban ir a los Estados Unidos por el endurecimiento de las pol\u00edticas del presidente, Donald Trump.&nbsp;<\/p>\n\n\n\n<p>Desde octubre del a\u00f1o pasado, cuando asumi\u00f3 la presidenta, Claudia Sheinbaum, al menos 16 caravanas partieron de Tapachula. Todas fueron disueltas mientras avanzaban entre Chiapas y Oaxaca.&nbsp;<\/p>\n","protected":false},"excerpt":{"rendered":"<p>Redacci\u00f3n\/Zona Roja Cdmx. (Informaci\u00f3n de \u201cLa Jornada\u201d) Ciudad de M\u00e9xico, a 22 de octubre de&hellip;<\/p>\n","protected":false},"author":2,"featured_media":65705,"comment_status":"closed","ping_status":"open","sticky":false,"template":"","format":"standard","meta":{"_lmt_disableupdate":"","_lmt_disable":"","_jetpack_memberships_contains_paid_content":false,"footnotes":""},"categories":[109,47],"tags":[3641],"class_list":["post-86073","post","type-post","status-publish","format-standard","has-post-thumbnail","hentry","category-minuto-a-minuto","category-zona-gris","tag-migrantes-en-oaxaca"],"jetpack_featured_media_url":"https:\/\/zonaroja.com.mx\/wp-content\/uploads\/2024\/02\/Migrantes-migracion.jpg","jetpack_sharing_enabled":true,"_links":{"self":[{"href":"https:\/\/zonaroja.com.mx\/index.php?rest_route=\/wp\/v2\/posts\/86073","targetHints":{"allow":["GET"]}}],"collection":[{"href":"https:\/\/zonaroja.com.mx\/index.php?rest_route=\/wp\/v2\/posts"}],"about":[{"href":"https:\/\/zonaroja.com.mx\/index.php?rest_route=\/wp\/v2\/types\/post"}],"author":[{"embeddable":true,"href":"https:\/\/zonaroja.com.mx\/index.php?rest_route=\/wp\/v2\/users\/2"}],"replies":[{"embeddable":true,"href":"https:\/\/zonaroja.com.mx\/index.php?rest_route=%2Fwp%2Fv2%2Fcomments&post=86073"}],"version-history":[{"count":1,"href":"https:\/\/zonaroja.com.mx\/index.php?rest_route=\/wp\/v2\/posts\/86073\/revisions"}],"predecessor-version":[{"id":86074,"href":"https:\/\/zonaroja.com.mx\/index.php?rest_route=\/wp\/v2\/posts\/86073\/revisions\/86074"}],"wp:featuredmedia":[{"embeddable":true,"href":"https:\/\/zonaroja.com.mx\/index.php?rest_route=\/wp\/v2\/media\/65705"}],"wp:attachment":[{"href":"https:\/\/zonaroja.com.mx\/index.php?rest_route=%2Fwp%2Fv2%2Fmedia&parent=86073"}],"wp:term":[{"taxonomy":"category","embeddable":true,"href":"https:\/\/zonaroja.com.mx\/index.php?rest_route=%2Fwp%2Fv2%2Fcategories&post=86073"},{"taxonomy":"post_tag","embeddable":true,"href":"https:\/\/zonaroja.com.mx\/index.php?rest_route=%2Fwp%2Fv2%2Ftags&post=86073"}],"curies":[{"name":"wp","href":"https:\/\/api.w.org\/{rel}","templated":true}]}}