{"id":86075,"date":"2025-10-22T13:15:00","date_gmt":"2025-10-22T19:15:00","guid":{"rendered":"https:\/\/zonaroja.com.mx\/?p=86075"},"modified":"2025-10-22T08:11:22","modified_gmt":"2025-10-22T14:11:22","slug":"inicia-manana-en-oaxaca-bienal-sur-2025-exposicion-internacional","status":"publish","type":"post","link":"https:\/\/zonaroja.com.mx\/?p=86075","title":{"rendered":"Inicia ma\u00f1ana en Oaxaca Bienal Sur 2025, exposici\u00f3n internacional"},"content":{"rendered":"\n<p>Redacci\u00f3n\/Zona Roja.<\/p>\n\n\n\n<p>Oaxaca, Oax., a 22 de octubre de 2025.- A partir de este jueves, en Oaxaca iniciar\u00e1 la muestra internacional Bienal Sur 2025, con creadores provenientes de Palestina, Argentina, Francia, Alemania, M\u00e9xico, Francia, entre otros.<\/p>\n\n\n\n<p>La sede principal es el Museo de Arte Contempor\u00e1neo y de las Culturas de Oaxaca (MACCO), que albergar\u00e1, entre otras, la exposici\u00f3n asociada \u201cHilo Com\u00fan\u201d.<\/p>\n\n\n\n<p>Recientemente, en conferencia de prensa, una de las organizadoras de la Bienal Sur, Liliana Pi\u00f1eiro, explic\u00f3 que la tem\u00e1tica es el arte contempor\u00e1neo basado principalmente en creadoras y artesanas del textil.<\/p>\n\n\n\n<p>Otra de las exposiciones que albergar\u00e1 el MACCO, en el Centro Hist\u00f3rico de la ciudad de Oaxaca, es la muestra \u201cEjercicios para hacer un lugar\u201d, de la artista argentina Julieta Levstein.&nbsp;<\/p>\n\n\n\n<p>Respecto a la exposici\u00f3n \u201cHilo Com\u00fan\u201d, participan Munara Abdukaharova, de Kirguist\u00e1n; Ana Hern\u00e1ndez y Sary Haddad, de M\u00e9xico; Anna Schapiro, Haleh Redjaian y Jenny Michel, de Alemania; Jessica Ostrowicz, del Reino Unido, y Mariana Pende, de Croacia.<\/p>\n\n\n\n<p>Se contempla adem\u00e1s un programa de video con obras de Humana Manna, Florencia Rojas y Adrian Schindler.<\/p>\n\n\n\n<p>En su participaci\u00f3n en la conferencia de prensa reciente, el secretario de las Culturas, Flavio Sosa Villavicencio, destac\u00f3 la evoluci\u00f3n del Museo de Arte Contempor\u00e1neo, que va creando sus propios tent\u00e1culos para proyectarse a distintas partes del mundo.<\/p>\n\n\n\n<p>\u201cEste trabajo tiene eco, repercusiones, y qu\u00e9 mejor que vincularse con el sur, en una perspectiva de horizontalidad; este di\u00e1logo, esta interacci\u00f3n \u2014con la Bienal Sur\u2014, este cruce de l\u00edneas, de movimientos, se va a dar entre la mirada hacia los textiles, lo que va a interesant\u00edsimo.<\/p>\n\n\n\n<p>\u201cEn Oaxaca el arte est\u00e1 en la calle; hay una l\u00ednea muy delgada entre arte y artesan\u00eda; hay prendas, textiles que una mujer porta en la calle que son verdaderas obras de arte contempor\u00e1nea.<\/p>\n\n\n\n<p>\u201cY la experiencia inmersiva que hacen los artistas al venir a Oaxaca, es una experiencia de contraste\u201d, expuso, al destacar que con esta muestra internacional se conozca y reconozca el trabajo de artesanas y artistas de la entidad.<\/p>\n\n\n\n<p>Expuso que Oaxaca ha sido epicentro de la pl\u00e1stica, de la lucha social y del are contempor\u00e1neo y de las artesan\u00edas, por lo cual la Bienal Sur es una enorme oportunidad para conocer y experimentar m\u00e1s sobre las creaciones en la entidad.<\/p>\n","protected":false},"excerpt":{"rendered":"<p>Redacci\u00f3n\/Zona Roja. Oaxaca, Oax., a 22 de octubre de 2025.- A partir de este jueves,&hellip;<\/p>\n","protected":false},"author":2,"featured_media":86076,"comment_status":"closed","ping_status":"open","sticky":false,"template":"","format":"standard","meta":{"_lmt_disableupdate":"","_lmt_disable":"","_jetpack_memberships_contains_paid_content":false,"footnotes":""},"categories":[109,46],"tags":[3368],"class_list":["post-86075","post","type-post","status-publish","format-standard","has-post-thumbnail","hentry","category-minuto-a-minuto","category-zona-blanca","tag-secretaria-de-las-culturas-seculta"],"jetpack_featured_media_url":"https:\/\/zonaroja.com.mx\/wp-content\/uploads\/2025\/10\/Bienal-Sur-Oaxaca-Seculta.jpg","jetpack_sharing_enabled":true,"_links":{"self":[{"href":"https:\/\/zonaroja.com.mx\/index.php?rest_route=\/wp\/v2\/posts\/86075","targetHints":{"allow":["GET"]}}],"collection":[{"href":"https:\/\/zonaroja.com.mx\/index.php?rest_route=\/wp\/v2\/posts"}],"about":[{"href":"https:\/\/zonaroja.com.mx\/index.php?rest_route=\/wp\/v2\/types\/post"}],"author":[{"embeddable":true,"href":"https:\/\/zonaroja.com.mx\/index.php?rest_route=\/wp\/v2\/users\/2"}],"replies":[{"embeddable":true,"href":"https:\/\/zonaroja.com.mx\/index.php?rest_route=%2Fwp%2Fv2%2Fcomments&post=86075"}],"version-history":[{"count":1,"href":"https:\/\/zonaroja.com.mx\/index.php?rest_route=\/wp\/v2\/posts\/86075\/revisions"}],"predecessor-version":[{"id":86077,"href":"https:\/\/zonaroja.com.mx\/index.php?rest_route=\/wp\/v2\/posts\/86075\/revisions\/86077"}],"wp:featuredmedia":[{"embeddable":true,"href":"https:\/\/zonaroja.com.mx\/index.php?rest_route=\/wp\/v2\/media\/86076"}],"wp:attachment":[{"href":"https:\/\/zonaroja.com.mx\/index.php?rest_route=%2Fwp%2Fv2%2Fmedia&parent=86075"}],"wp:term":[{"taxonomy":"category","embeddable":true,"href":"https:\/\/zonaroja.com.mx\/index.php?rest_route=%2Fwp%2Fv2%2Fcategories&post=86075"},{"taxonomy":"post_tag","embeddable":true,"href":"https:\/\/zonaroja.com.mx\/index.php?rest_route=%2Fwp%2Fv2%2Ftags&post=86075"}],"curies":[{"name":"wp","href":"https:\/\/api.w.org\/{rel}","templated":true}]}}