{"id":86080,"date":"2025-10-22T15:14:00","date_gmt":"2025-10-22T21:14:00","guid":{"rendered":"https:\/\/zonaroja.com.mx\/?p=86080"},"modified":"2025-10-22T08:15:14","modified_gmt":"2025-10-22T14:15:14","slug":"instala-fiscalia-agencia-del-ministerio-publico-en-santa-lucia-del-camino","status":"publish","type":"post","link":"https:\/\/zonaroja.com.mx\/?p=86080","title":{"rendered":"Instala Fiscal\u00eda Agencia del Ministerio P\u00fablico en Santa Luc\u00eda del Camino"},"content":{"rendered":"\n<p>Redacci\u00f3n\/Zona Roja.&nbsp;<\/p>\n\n\n\n<p>Oaxaca, Oax., a 22 de octubre de 2025.- Este martes inici\u00f3 la operaci\u00f3n de una nueva Agencia del Ministerio P\u00fablico de la Fiscal\u00eda General del Estado de Oaxaca, adscrita a Santa Luc\u00eda del Camino.<\/p>\n\n\n\n<p>Lo anterior como parte del cumplimiento de los acuerdos emanados de las jornadas del programa \u201cFiscal\u00eda en tu Comunidad\u201d que se han llevado a cabo en este municipio de la Zona Metropolitana de Oaxaca.<\/p>\n\n\n\n<p>\u201cEstamos cumpliendo el compromiso que hicimos en \u2018Fiscal\u00eda en tu Comunidad\u2019 para reforzar la estrategia de seguridad en los municipios ubicados en el sector oeste de la Zona Metropolitana.<\/p>\n\n\n\n<p>\u201cNo solo para Santa Luc\u00eda, sino para San Agust\u00edn Yatareni, Huay\u00e1pam, San Sebasti\u00e1n Tutla, entre otros. Junto con el presidente municipal Juan Carlos Garc\u00eda M\u00e1rquez, se estableci\u00f3 un di\u00e1logo directo con la ciudadan\u00eda que pidi\u00f3 esta oficina para la atenci\u00f3n cercana a la poblaci\u00f3n\u201d, se\u00f1al\u00f3 el fiscal de Oaxaca, Bernardo Rodr\u00edguez Alamilla.<\/p>\n\n\n\n<p>La apertura de esta oficina estuvo encabezada por el fiscal Rodr\u00edguez Alamilla, junto con el presidente municipal de Santa Luc\u00eda del Camino, Juan Carlos Garc\u00eda M\u00e1rquez, as\u00ed como el Vicefiscal de Valles Centrales, Samuel Jim\u00e9nez Acevedo.<\/p>\n\n\n\n<p>\u201cTenemos que reforzar el trabajo que ha hecho el ayuntamiento, en colaboraci\u00f3n con el Gobierno del Estado de Oaxaca y la FGEO, para garantizar la seguridad en este importante municipio de la Zona Metropolitana\u201d, enfatiz\u00f3 Rodr\u00edguez Alamilla.<\/p>\n\n\n\n<p>Estas nuevas instalaciones de la Agencia del Ministerio P\u00fablico se ubican sobre Avenida del Trabajo, entre las calles Siracusa y Avenida Ju\u00e1rez, justo a un costado de la cl\u00ednica municipal de Santa Luc\u00eda del Camino, con atenci\u00f3n todos los d\u00edas del a\u00f1o, de 8:00 de la ma\u00f1ana a 5:00 de la tarde.<\/p>\n\n\n\n<p>La Fiscal\u00eda de Oaxaca da cumplimiento a los compromisos que la instituci\u00f3n establece con la ciudadan\u00eda para mejorar la atenci\u00f3n a las personas usuarias para que, en caso de requerir un servicio, tenga una oficina cerca de su comunidad.<\/p>\n","protected":false},"excerpt":{"rendered":"<p>Redacci\u00f3n\/Zona Roja.&nbsp; Oaxaca, Oax., a 22 de octubre de 2025.- Este martes inici\u00f3 la operaci\u00f3n&hellip;<\/p>\n","protected":false},"author":2,"featured_media":86066,"comment_status":"closed","ping_status":"open","sticky":false,"template":"","format":"standard","meta":{"_lmt_disableupdate":"","_lmt_disable":"","_jetpack_memberships_contains_paid_content":false,"footnotes":""},"categories":[109,46],"tags":[494],"class_list":["post-86080","post","type-post","status-publish","format-standard","has-post-thumbnail","hentry","category-minuto-a-minuto","category-zona-blanca","tag-fiscalia-general-del-estado-de-oaxaca"],"jetpack_featured_media_url":"https:\/\/zonaroja.com.mx\/wp-content\/uploads\/2025\/10\/Inauguran-MP-Fiscalia-Santa-Lucia-del-Camino.jpeg","jetpack_sharing_enabled":true,"_links":{"self":[{"href":"https:\/\/zonaroja.com.mx\/index.php?rest_route=\/wp\/v2\/posts\/86080","targetHints":{"allow":["GET"]}}],"collection":[{"href":"https:\/\/zonaroja.com.mx\/index.php?rest_route=\/wp\/v2\/posts"}],"about":[{"href":"https:\/\/zonaroja.com.mx\/index.php?rest_route=\/wp\/v2\/types\/post"}],"author":[{"embeddable":true,"href":"https:\/\/zonaroja.com.mx\/index.php?rest_route=\/wp\/v2\/users\/2"}],"replies":[{"embeddable":true,"href":"https:\/\/zonaroja.com.mx\/index.php?rest_route=%2Fwp%2Fv2%2Fcomments&post=86080"}],"version-history":[{"count":1,"href":"https:\/\/zonaroja.com.mx\/index.php?rest_route=\/wp\/v2\/posts\/86080\/revisions"}],"predecessor-version":[{"id":86081,"href":"https:\/\/zonaroja.com.mx\/index.php?rest_route=\/wp\/v2\/posts\/86080\/revisions\/86081"}],"wp:featuredmedia":[{"embeddable":true,"href":"https:\/\/zonaroja.com.mx\/index.php?rest_route=\/wp\/v2\/media\/86066"}],"wp:attachment":[{"href":"https:\/\/zonaroja.com.mx\/index.php?rest_route=%2Fwp%2Fv2%2Fmedia&parent=86080"}],"wp:term":[{"taxonomy":"category","embeddable":true,"href":"https:\/\/zonaroja.com.mx\/index.php?rest_route=%2Fwp%2Fv2%2Fcategories&post=86080"},{"taxonomy":"post_tag","embeddable":true,"href":"https:\/\/zonaroja.com.mx\/index.php?rest_route=%2Fwp%2Fv2%2Ftags&post=86080"}],"curies":[{"name":"wp","href":"https:\/\/api.w.org\/{rel}","templated":true}]}}