{"id":86082,"date":"2025-10-22T18:45:03","date_gmt":"2025-10-23T00:45:03","guid":{"rendered":"https:\/\/zonaroja.com.mx\/?p=86082"},"modified":"2025-10-22T18:45:06","modified_gmt":"2025-10-23T00:45:06","slug":"desiste-la-ddhpo-de-recomendacion-por-caso-de-periodista-acude-a-la-cndh","status":"publish","type":"post","link":"https:\/\/zonaroja.com.mx\/?p=86082","title":{"rendered":"Desiste la DDHPO de recomendaci\u00f3n por caso de periodista; acude a la CNDH"},"content":{"rendered":"\n<p>Lisbeth Mej\u00eda Reyes\/Zona Roja.<\/p>\n\n\n\n<p>Oaxaca, Oax., a 22 de octubre de 2025.- El periodista oaxaque\u00f1o \u00c1lvaro Cuitl\u00e1huac L\u00f3pez y su familia interpusieron una queja\/impugnaci\u00f3n ante la Comisi\u00f3n Nacional de los Derechos Humanos (CNDH), luego de que la Fiscal\u00eda General del Estado de Oaxaca no acept\u00f3 la recomendaci\u00f3n de la Defensor\u00eda de los Derechos Humanos del Pueblo de Oaxaca (DDHPO) por las violaciones cometidas en el cateo del 7 de marzo en su domicilio.<\/p>\n\n\n\n<p>El lunes, el fiscal general Bernardo Rodr\u00edguez Alamilla asegur\u00f3 que segu\u00eda revisando la recomendaci\u00f3n (con folio 9\/2025) y neg\u00f3 que no la hayan aceptado. \u00abNos interesa much\u00edsimo el tema de la reparaci\u00f3n y poder acercarnos, como lo hicimos en su momento, y garantizar el derecho de la v\u00edctima, que la mala actuaci\u00f3n de las autoridades sea objeto de reparaci\u00f3n\u00bb, dijo el fiscal.&nbsp;<\/p>\n\n\n\n<p>Tambi\u00e9n respondi\u00f3 que segu\u00eda la investigaci\u00f3n hacia los elementos que participaron en el operativo.<\/p>\n\n\n\n<p>Sin embargo, este mi\u00e9rcoles, el periodista y sus padres precisaron que aunque inicialmente la FGEO solicit\u00f3 pr\u00f3rrogas ya no atendi\u00f3 el \u00faltimo plazo de la recomendaci\u00f3n ni solicit\u00f3 una mayor espera, por lo que se clasific\u00f3 como no aceptada.&nbsp;<\/p>\n\n\n\n<p>\u00abLa Defensor\u00eda me notifica el 2 de octubre de 2025 que vencido el plazo que ten\u00eda la fiscal\u00eda le dio cinco d\u00edas m\u00e1s y no tuvieron respuesta alguna, ya no aceptaron la recomendaci\u00f3n ni tampoco volvieron a meter una pr\u00f3rroga m\u00e1s, por lo tanto la Defensor\u00eda dice que no puede seguir manteniendo abierto el expediente y da por no aceptada la recomendaci\u00f3n y, en consecuencia, como no cumplida\u00bb.<\/p>\n\n\n\n<p>Tras esto, el periodista y su familia interpusieron una queja ante la Comisi\u00f3n Nacional de Derechos Humanos, que la recibi\u00f3 el pasado 20 de octubre.<\/p>\n\n\n\n<p>La recomendaci\u00f3n 9\/2205 deriv\u00f3 del expediente DDHPO\/0357\/(01)\/OAX\/2025, a ra\u00edz del cateo del 7 de marzo pasado en el domicilio de la calle Galeana, en la ciudad de Oaxaca.&nbsp;<\/p>\n\n\n\n<p>El organismo resolvi\u00f3 que los elementos de la Agencia Estatal de Investigaciones (AEI) incurrieron en \u00abviolaciones graves a los derechos humanos, incluyendo la inviolabilidad del domicilio, integridad y seguridad personal, uso indebido de la fuerza p\u00fablica, retenci\u00f3n ilegal y restricciones a la libertad de expresi\u00f3n\u00bb.<\/p>\n\n\n\n<p>Por ello solicit\u00f3 a la FGEO la reparaci\u00f3n integral del da\u00f1o, inscripci\u00f3n de las v\u00edctimas en el Registro Estatal de V\u00edctimas, capacitaci\u00f3n en derechos humanos para los agentes involucrados y una disculpa p\u00fablica por parte de la instituci\u00f3n.<\/p>\n\n\n\n<p>Hasta ahora, tanto los padres de \u00c1lvaro como el periodista se\u00f1alan que la FGEO no ha habido disculpas p\u00fablicas ni se han cumplido la mayor parte de los puntos de la recomendaci\u00f3n. La fiscal\u00eda, explicaron, \u00fanicamente ha pagado unas radiograf\u00edas, as\u00ed como unos lentes que se llevaron los agentes y dos terceras partes de los da\u00f1os del inmueble.&nbsp;<\/p>\n\n\n\n<p>De los agentes involucrados y por los que se debi\u00f3 hacer una investigaci\u00f3n en un plazo de 15 d\u00edas, \u00c1lvaro se\u00f1al\u00f3 que desconoce si esta de concret\u00f3 y si los elementos fueron suspendidos o no, pues incluso ha visto a varios en funciones.<\/p>\n\n\n\n<p>El pasado 7 de marzo de 2025, \u00c1lvaro Cuitl\u00e1huac L\u00f3pez y su familia fueron v\u00edctimas de una agresi\u00f3n por parte de elementos de la Agencia Estatal de Investigaciones (AEI) de la Fiscal\u00eda General del Estado de Oaxaca, durante un operativo en la calle Prolongaci\u00f3n de Galeana, en las inmediaciones de la Central de Abasto de la capital.<\/p>\n\n\n\n<p>De acuerdo con el periodista y la transmisi\u00f3n en vivo realizada por \u00e9l, los agentes ingresaron de manera violenta al domicilio sin mostrar orden de cateo ni de aprehensi\u00f3n. \u00abAl identificarme como reportero y documentar los hechos, fui agredido f\u00edsicamente, al igual que mis familiares, quienes intentaron auxiliarme. Fuimos golpeados, esposados y detenidos arbitrariamente, siendo liberados horas despu\u00e9s sin explicaci\u00f3n alguna\u00bb, inform\u00f3 en junio el periodista, luego de la recomendaci\u00f3n de la Defensor\u00eda.<\/p>\n\n\n\n<figure class=\"wp-block-embed is-type-rich is-provider-twitter wp-block-embed-twitter\"><div class=\"wp-block-embed__wrapper\">\n<div class=\"twitter-tweet\"><blockquote class=\"twitter-tweet\" data-lang=\"es\"><p lang=\"es\" dir=\"ltr\">#<a href=\"https:\/\/twitter.com\/hashtag\/ENVIVO?src=hash&amp;ref_src=twsrc%5Etfw\">#ENVIVO<\/a><br>Conferencia de prensa del periodista \u00c1lvaro Cuitl\u00e1huac L\u00f3pez, acerca de las investigaciones tras un cateo irregular a su domicilio, as\u00ed como da\u00f1os y lesiones por parte de personal de la Agencia Estatal de Investigaciones.  <a href=\"https:\/\/t.co\/bFlv82nSu8\">https:\/\/t.co\/bFlv82nSu8<\/a><\/p>&mdash; Zona Roja Oaxaca (@ZonaRoja_Oaxaca) <a href=\"https:\/\/twitter.com\/ZonaRoja_Oaxaca\/status\/1981030572152521164?ref_src=twsrc%5Etfw\">22 de octubre de 2025<\/a><\/blockquote><\/div>\n<\/div><\/figure>\n","protected":false},"excerpt":{"rendered":"<p>Lisbeth Mej\u00eda Reyes\/Zona Roja. Oaxaca, Oax., a 22 de octubre de 2025.- El periodista oaxaque\u00f1o&hellip;<\/p>\n","protected":false},"author":2,"featured_media":86083,"comment_status":"closed","ping_status":"open","sticky":false,"template":"","format":"standard","meta":{"_lmt_disableupdate":"","_lmt_disable":"","_jetpack_memberships_contains_paid_content":false,"footnotes":""},"categories":[109,46],"tags":[4239],"class_list":["post-86082","post","type-post","status-publish","format-standard","has-post-thumbnail","hentry","category-minuto-a-minuto","category-zona-blanca","tag-alvaro-cuitlahuac-lopez"],"jetpack_featured_media_url":"https:\/\/zonaroja.com.mx\/wp-content\/uploads\/2025\/10\/Alvaro-Cuitlahuac-Lopez.jpg","jetpack_sharing_enabled":true,"_links":{"self":[{"href":"https:\/\/zonaroja.com.mx\/index.php?rest_route=\/wp\/v2\/posts\/86082","targetHints":{"allow":["GET"]}}],"collection":[{"href":"https:\/\/zonaroja.com.mx\/index.php?rest_route=\/wp\/v2\/posts"}],"about":[{"href":"https:\/\/zonaroja.com.mx\/index.php?rest_route=\/wp\/v2\/types\/post"}],"author":[{"embeddable":true,"href":"https:\/\/zonaroja.com.mx\/index.php?rest_route=\/wp\/v2\/users\/2"}],"replies":[{"embeddable":true,"href":"https:\/\/zonaroja.com.mx\/index.php?rest_route=%2Fwp%2Fv2%2Fcomments&post=86082"}],"version-history":[{"count":1,"href":"https:\/\/zonaroja.com.mx\/index.php?rest_route=\/wp\/v2\/posts\/86082\/revisions"}],"predecessor-version":[{"id":86084,"href":"https:\/\/zonaroja.com.mx\/index.php?rest_route=\/wp\/v2\/posts\/86082\/revisions\/86084"}],"wp:featuredmedia":[{"embeddable":true,"href":"https:\/\/zonaroja.com.mx\/index.php?rest_route=\/wp\/v2\/media\/86083"}],"wp:attachment":[{"href":"https:\/\/zonaroja.com.mx\/index.php?rest_route=%2Fwp%2Fv2%2Fmedia&parent=86082"}],"wp:term":[{"taxonomy":"category","embeddable":true,"href":"https:\/\/zonaroja.com.mx\/index.php?rest_route=%2Fwp%2Fv2%2Fcategories&post=86082"},{"taxonomy":"post_tag","embeddable":true,"href":"https:\/\/zonaroja.com.mx\/index.php?rest_route=%2Fwp%2Fv2%2Ftags&post=86082"}],"curies":[{"name":"wp","href":"https:\/\/api.w.org\/{rel}","templated":true}]}}