{"id":86085,"date":"2025-10-22T20:16:13","date_gmt":"2025-10-23T02:16:13","guid":{"rendered":"https:\/\/zonaroja.com.mx\/?p=86085"},"modified":"2025-10-22T20:16:15","modified_gmt":"2025-10-23T02:16:15","slug":"dan-luz-verde-a-expoferias-de-dia-de-muertos-en-la-capital-oaxaquena","status":"publish","type":"post","link":"https:\/\/zonaroja.com.mx\/?p=86085","title":{"rendered":"Dan luz verde a expoferias de D\u00eda de Muertos en la capital oaxaque\u00f1a"},"content":{"rendered":"\n<p>Lisbeth Mej\u00eda Reyes\/Zona Roja.<\/p>\n\n\n\n<p>Oaxaca, Oax., a 22 de octubre de 2025.- A unos d\u00edas de las festividades de D\u00eda de Muertos y la espera de miles de visitantes por la temporada, el Cabildo de Oaxaca de Ju\u00e1rez aprob\u00f3 este martes los permisos temporales para las expoferias que se instalar\u00e1n en el centro de la ciudad.<\/p>\n\n\n\n<p>El respaldo para estos permisos se otorg\u00f3 en la reciente sesi\u00f3n ordinaria de cabildo. Sin embargo, no se detall\u00f3 el n\u00famero, los lugares ni la vigencia de los mismos.&nbsp;<\/p>\n\n\n\n<p>Aunque el presidente municipal, Raymundo Chagoya Villanueva, se\u00f1al\u00f3 posteriormente que no se volver\u00e1 a usar la calle de La Reforma para tales fines, esto luego de la queja de vecinos de la zona por la expoferia de las fiestas de Guelaguetza.<\/p>\n\n\n\n<p>El edil aclar\u00f3 que aquella instalaci\u00f3n fue parte de un experimento para reubicar los puestos que sol\u00edan ocupar cada temporada la calle de Constituci\u00f3n, junto al jard\u00edn \u201cEl Pa\u00f1uelito\u201d.&nbsp;<\/p>\n\n\n\n<p>Por ahora a\u00fan se desconoce cu\u00e1l ser\u00e1 la nueva zona a ocupar, pues el jard\u00edn mantendr\u00e1 sus actividades culturales.<\/p>\n\n\n\n<p>En las temporadas tur\u00edsticas, las expoferias han ocupado espacios en la calle Macedonio Alcal\u00e1 (a la altura de la plazuela del Carmen Alto y del ex convento de Santo Domingo de Guzm\u00e1n), tambi\u00e9n en el jard\u00edn Antonia Labastida. Se espera que en esta ocasi\u00f3n sean esos mismos espacios.<\/p>\n\n\n\n<p>En 2024, la pasada administraci\u00f3n municipal hab\u00eda aprobado 274 permisos temporales para venta de artesan\u00edas y otros productos locales en las expoferias que estuvieron del 24 de octubre al 4 de noviembre.&nbsp;<\/p>\n\n\n\n<p>Adem\u00e1s de estos, hubo 97 autorizaciones para pintacaritas en diversas calles del centro (del 30 de octubre al 3 de noviembre).<\/p>\n\n\n\n<p>La autoridad a\u00fan no ha publicado el dictamen en su sitio web, por lo que se desconoce cu\u00e1ntos permisos aprob\u00f3 este martes.<\/p>\n\n\n\n<p>REGULAN ARTESAN\u00cdAS<\/p>\n\n\n\n<p>Por otra parte, este martes, en la sesi\u00f3n ordinaria de la Diputaci\u00f3n Permanente del Congreso local, el diputado C\u00e9sar David Mateos Ben\u00edtez propuso que se exhortara al ayuntamiento de Oaxaca de Ju\u00e1rez \u00aba negar las autorizaciones a quienes pretendan vender productos que sean copia o versi\u00f3n industrial de artesan\u00edas oaxaque\u00f1as en los tianguis populares que se instalar\u00e1n en el centro de la ciudad capital con motivo de los d\u00edas de muertos\u00bb.<\/p>\n\n\n\n<p>Ante este llamado, el presidente municipal, Raymundo Chagoya Villanueva, explic\u00f3 que \u00abel municipio no puede excederse por una reserva de ley\u00bb, pues \u00abincluso ser\u00eda hasta inconstitucional limitar alguna venta\u00bb.&nbsp;<\/p>\n\n\n\n<p>Sin embargo, consider\u00f3 que es facultad del congreso legislar en la materia para que los ayuntamientos puedan limitar ese tipo de productos.<\/p>\n\n\n\n<p>Aunque tambi\u00e9n explic\u00f3 que en el caso de las expoferias de temporada se ha procurado que los permisos sean solamente para productos artesanales y locales.<\/p>\n","protected":false},"excerpt":{"rendered":"<p>Lisbeth Mej\u00eda Reyes\/Zona Roja. Oaxaca, Oax., a 22 de octubre de 2025.- A unos d\u00edas&hellip;<\/p>\n","protected":false},"author":2,"featured_media":86086,"comment_status":"closed","ping_status":"open","sticky":false,"template":"","format":"standard","meta":{"_lmt_disableupdate":"","_lmt_disable":"","_jetpack_memberships_contains_paid_content":false,"footnotes":""},"categories":[109,47],"tags":[148],"class_list":["post-86085","post","type-post","status-publish","format-standard","has-post-thumbnail","hentry","category-minuto-a-minuto","category-zona-gris","tag-oaxaca-de-juarez"],"jetpack_featured_media_url":"https:\/\/zonaroja.com.mx\/wp-content\/uploads\/2025\/10\/Sesion-de-Cabildo-Ray-Chagoya.jpeg","jetpack_sharing_enabled":true,"_links":{"self":[{"href":"https:\/\/zonaroja.com.mx\/index.php?rest_route=\/wp\/v2\/posts\/86085","targetHints":{"allow":["GET"]}}],"collection":[{"href":"https:\/\/zonaroja.com.mx\/index.php?rest_route=\/wp\/v2\/posts"}],"about":[{"href":"https:\/\/zonaroja.com.mx\/index.php?rest_route=\/wp\/v2\/types\/post"}],"author":[{"embeddable":true,"href":"https:\/\/zonaroja.com.mx\/index.php?rest_route=\/wp\/v2\/users\/2"}],"replies":[{"embeddable":true,"href":"https:\/\/zonaroja.com.mx\/index.php?rest_route=%2Fwp%2Fv2%2Fcomments&post=86085"}],"version-history":[{"count":1,"href":"https:\/\/zonaroja.com.mx\/index.php?rest_route=\/wp\/v2\/posts\/86085\/revisions"}],"predecessor-version":[{"id":86087,"href":"https:\/\/zonaroja.com.mx\/index.php?rest_route=\/wp\/v2\/posts\/86085\/revisions\/86087"}],"wp:featuredmedia":[{"embeddable":true,"href":"https:\/\/zonaroja.com.mx\/index.php?rest_route=\/wp\/v2\/media\/86086"}],"wp:attachment":[{"href":"https:\/\/zonaroja.com.mx\/index.php?rest_route=%2Fwp%2Fv2%2Fmedia&parent=86085"}],"wp:term":[{"taxonomy":"category","embeddable":true,"href":"https:\/\/zonaroja.com.mx\/index.php?rest_route=%2Fwp%2Fv2%2Fcategories&post=86085"},{"taxonomy":"post_tag","embeddable":true,"href":"https:\/\/zonaroja.com.mx\/index.php?rest_route=%2Fwp%2Fv2%2Ftags&post=86085"}],"curies":[{"name":"wp","href":"https:\/\/api.w.org\/{rel}","templated":true}]}}