{"id":86088,"date":"2025-10-22T20:56:56","date_gmt":"2025-10-23T02:56:56","guid":{"rendered":"https:\/\/zonaroja.com.mx\/?p=86088"},"modified":"2025-10-22T20:57:00","modified_gmt":"2025-10-23T02:57:00","slug":"van-a-prision-preventiva-detenidos-que-causaron-zafarrancho-en-san-agustin-de-las-juntas","status":"publish","type":"post","link":"https:\/\/zonaroja.com.mx\/?p=86088","title":{"rendered":"Van a prisi\u00f3n preventiva detenidos que causaron zafarrancho en San Agust\u00edn de las Juntas"},"content":{"rendered":"\n<p>Redacci\u00f3n\/Zona Roja.&nbsp;<\/p>\n\n\n\n<p>Oaxaca, Oax., a 22 de octubre de 2025.- La Fiscal\u00eda General del Estado de Oaxaca (FGEO) solicit\u00f3 que se dicte auto de vinculaci\u00f3n a proceso para tres personas del sexo masculino identificadas como P.L.S., D.G.M. y A.A.T., por el delito en materia electoral, derivado de los hechos ocurridos durante la jornada regida por Sistemas Normativos Ind\u00edgenas en el municipio de San Agust\u00edn de las Juntas.<\/p>\n\n\n\n<p>De acuerdo con la carpeta de investigaci\u00f3n, los hechos ocurrieron el 19 de octubre de 2025, en la explanada municipal ubicada en la calle Libertad, donde se desarrollaba la Asamblea General Comunitaria Electiva para la integrar el Ayuntamiento Constitucional 2026\u20132028.<\/p>\n\n\n\n<p>Las investigaciones establecen que al lugar arrib\u00f3 un grupo de personas que portaban palos, machetes y tubos, con los cuales provocaron destrozos y agredieron a participantes del proceso electoral, lo que ocasion\u00f3 la suspensi\u00f3n de la votaci\u00f3n comunitaria.<\/p>\n\n\n\n<p>Tras la intervenci\u00f3n de las autoridades, tres personas fueron detenidas y puestas a disposici\u00f3n de la Fiscal\u00eda Especializada en Delitos Electorales (FEDE) y la Vicefiscal\u00eda de Valles Centrales, que integraron la carpeta correspondiente.<\/p>\n\n\n\n<p>Luego que la FGEO present\u00f3 los datos de prueba, el Juez de la causa calific\u00f3 como legal la detenci\u00f3n y comunic\u00f3 imputaci\u00f3n a P.L.S., D.G.M. y A.A.T., imponi\u00e9ndoles la medida cautelar de prisi\u00f3n preventiva, por lo que el Ministerio P\u00fablico hizo la solicitud de la vinculaci\u00f3n a proceso por el delito en materia electoral.<\/p>\n","protected":false},"excerpt":{"rendered":"<p>Redacci\u00f3n\/Zona Roja.&nbsp; Oaxaca, Oax., a 22 de octubre de 2025.- La Fiscal\u00eda General del Estado&hellip;<\/p>\n","protected":false},"author":2,"featured_media":86089,"comment_status":"closed","ping_status":"open","sticky":false,"template":"","format":"standard","meta":{"_lmt_disableupdate":"","_lmt_disable":"","_jetpack_memberships_contains_paid_content":false,"footnotes":""},"categories":[109,46],"tags":[494],"class_list":["post-86088","post","type-post","status-publish","format-standard","has-post-thumbnail","hentry","category-minuto-a-minuto","category-zona-blanca","tag-fiscalia-general-del-estado-de-oaxaca"],"jetpack_featured_media_url":"https:\/\/zonaroja.com.mx\/wp-content\/uploads\/2025\/10\/Detenidos-caso-San-Agustin-de-las-Juntas-Fiscalia.jpg","jetpack_sharing_enabled":true,"_links":{"self":[{"href":"https:\/\/zonaroja.com.mx\/index.php?rest_route=\/wp\/v2\/posts\/86088","targetHints":{"allow":["GET"]}}],"collection":[{"href":"https:\/\/zonaroja.com.mx\/index.php?rest_route=\/wp\/v2\/posts"}],"about":[{"href":"https:\/\/zonaroja.com.mx\/index.php?rest_route=\/wp\/v2\/types\/post"}],"author":[{"embeddable":true,"href":"https:\/\/zonaroja.com.mx\/index.php?rest_route=\/wp\/v2\/users\/2"}],"replies":[{"embeddable":true,"href":"https:\/\/zonaroja.com.mx\/index.php?rest_route=%2Fwp%2Fv2%2Fcomments&post=86088"}],"version-history":[{"count":1,"href":"https:\/\/zonaroja.com.mx\/index.php?rest_route=\/wp\/v2\/posts\/86088\/revisions"}],"predecessor-version":[{"id":86090,"href":"https:\/\/zonaroja.com.mx\/index.php?rest_route=\/wp\/v2\/posts\/86088\/revisions\/86090"}],"wp:featuredmedia":[{"embeddable":true,"href":"https:\/\/zonaroja.com.mx\/index.php?rest_route=\/wp\/v2\/media\/86089"}],"wp:attachment":[{"href":"https:\/\/zonaroja.com.mx\/index.php?rest_route=%2Fwp%2Fv2%2Fmedia&parent=86088"}],"wp:term":[{"taxonomy":"category","embeddable":true,"href":"https:\/\/zonaroja.com.mx\/index.php?rest_route=%2Fwp%2Fv2%2Fcategories&post=86088"},{"taxonomy":"post_tag","embeddable":true,"href":"https:\/\/zonaroja.com.mx\/index.php?rest_route=%2Fwp%2Fv2%2Ftags&post=86088"}],"curies":[{"name":"wp","href":"https:\/\/api.w.org\/{rel}","templated":true}]}}