{"id":86091,"date":"2025-10-22T21:30:04","date_gmt":"2025-10-23T03:30:04","guid":{"rendered":"https:\/\/zonaroja.com.mx\/?p=86091"},"modified":"2025-10-22T21:30:10","modified_gmt":"2025-10-23T03:30:10","slug":"caso-erick-jair-acusan-a-edil-de-san-agustin-de-vinculos-con-crimen-organizado","status":"publish","type":"post","link":"https:\/\/zonaroja.com.mx\/?p=86091","title":{"rendered":"Caso \u00c9rick Jair: acusan a edil de San Agust\u00edn de v\u00ednculos con crimen organizado\u00a0"},"content":{"rendered":"\n<p>Lisbeth Mej\u00eda Reyes\/Zona Roja.<\/p>\n\n\n\n<p>Oaxaca, Oax., a 22 de octubre de 2025.- El activista mixe Joaqu\u00edn Galv\u00e1n y la familia de Erick Jair P\u00e9rez Lim\u00f3n, desaparecido desde el 23 de junio, pidieron la intervenci\u00f3n de Omar Garc\u00eda Harfuch, secretario de Seguridad y Protecci\u00f3n Ciudadana federal, para colaborar en las labores de inteligencia en el caso y en las investigaciones por el probable v\u00ednculo del ayuntamiento de San Agust\u00edn de las Juntas \u00abcon grupos criminales que operan en la zona\u00bb.<\/p>\n\n\n\n<p>El defensor tambi\u00e9n se\u00f1al\u00f3 al presidente municipal de San Agust\u00edn de las Juntas, Daniel Hip\u00f3lito Aquino Torres, de proteger a uno de los agresores sobre quien pesa una orden de aprehensi\u00f3n, por lo que exhort\u00f3 a las autoridades estatales y federales a aplicar todo el peso de la ley e incluso desmantelar el actual cabildo.<\/p>\n\n\n\n<p>A cuatro meses de la desaparici\u00f3n de Erick Jair, Galv\u00e1n se\u00f1al\u00f3 que aunque la Fiscal\u00eda General del Estado de Oaxaca ya detuvo a tres particulares que agredieron al joven en abril, la Fiscal\u00eda Especializada en Combate a la Corrupci\u00f3n a\u00fan no ha ejercido ninguna acci\u00f3n en contra de los polic\u00edas municipales de San Agust\u00edn, que lo levantaron y lo entregaron a estos.\u00a0Tampoco se les ha vinculado a proceso por las agresiones en contra de Erick.<\/p>\n\n\n\n<p>Este mi\u00e9rcoles, el padre de Erick Jair, Juli\u00e1n P\u00e9rez, y el activista explicaron que por ahora no se ha avanzado en la localizaci\u00f3n de Gaspar N., principal sospechoso de la desaparici\u00f3n de Erick, caso que est\u00e1 en otra carpeta de investigaci\u00f3n.&nbsp;<\/p>\n\n\n\n<p>El se\u00f1alado se opon\u00eda a la relaci\u00f3n del joven con su hija y lo amenaz\u00f3 antes de citarlo aquel 23 de junio, d\u00eda en que ya no se supo m\u00e1s del joven de 21 a\u00f1os.<\/p>\n\n\n\n<p>Tambi\u00e9n externaron su temor porque los tres detenidos por las agresiones de abril, de la primera carpeta de investigaci\u00f3n, sean liberados pronto, debido a que los delitos que se les imputan (lesiones y amenazas) no son considerados graves. Los detenidos son: E. A. M. L., alias El Talib\u00e1n; Carlos M., empresario conocido como \u00abEl mezcalero\u00bb, y U. F. C. R., alias El Chup\u00f3n, a quienes tambi\u00e9n se les vincula con otros il\u00edcitos como pr\u00e9stamos gota a gota,&nbsp;<\/p>\n\n\n\n<p>\u00abEsas detenciones son claves para la Fiscal\u00eda General del Estado porque est\u00e1 en la oportunidad de ampliar las investigaciones y tener mayores alcances sobre los grupos criminales que tienen sometido a todo un pueblo. Es su oportunidad para desmantelarlas y de revisar toda la estructura de alianzas y pactos dentro del municipio de San Agust\u00edn de las Juntas\u00bb, dijo Galv\u00e1n.&nbsp;<\/p>\n\n\n\n<p>La familia acus\u00f3 revictimizaci\u00f3n por parte de la Vicefiscal\u00eda de los Valles Centrales, pues no atendi\u00f3 pronto la denuncia de Erik Jair por las agresiones de abril. \u00abTal vez, de ser as\u00ed, Erick no hubiera desaparecido\u00bb.<\/p>\n\n\n\n<p>Ante esto, exigi\u00f3 a la Fiscal\u00eda General del Estado agilizar las investigaciones para dar con Gaspar N., principal sospechoso de la desaparici\u00f3n de Erick; a la Fiscal\u00eda Especializada en Combate a la Corrupci\u00f3n, exigen judicializar las carpetas de investigaci\u00f3n en contra de los polic\u00edas de San Agust\u00edn.<\/p>\n\n\n\n<p>Galv\u00e1n exigi\u00f3 al secretario de Seguridad Ciudadana del estado, Iv\u00e1n Garc\u00eda \u00c1lvarez, garantizar la seguridad de la familia de Erick, pues a ra\u00edz de la denuncia del caso y las investigaciones emprendidas por el se\u00f1or Juli\u00e1n (cruciales para el caso), tanto la familia como el activista han recibido amenazas y est\u00e1n en riesgo.<\/p>\n\n\n\n<p>El pasado mes de septiembre, el Comit\u00e9 de Desaparici\u00f3n Forzada de la Organizaci\u00f3n de las Naciones Unidas (ONU) emplaz\u00f3 al Estado Mexicano a agilizar la b\u00fasqueda de Erick Jair P\u00e9rez Lim\u00f3n, a trav\u00e9s de la acci\u00f3n urgente 2134\/2025, tras la solicitud de la familia para atraer el caso.<\/p>\n\n\n\n<p>La resoluci\u00f3n del comit\u00e9 abarca 10 recomendaciones o llamados a las autoridades mexicanas, aunque por ahora el activista y la familia desconocen si el Estado Mexicano ya respondi\u00f3 a la ONU.<\/p>\n\n\n\n<p>Aunque desde el congreso local ya se exhort\u00f3 a las autoridades estatales a atender el caso de Erick, hasta ahora no ha habido ning\u00fan pronunciamiento por parte de la Defensor\u00eda de los Derechos Humanos del Pueblo de Oaxaca, lo que tambi\u00e9n han lamentado la familia y el activista.<\/p>\n\n\n\n<p>Galv\u00e1n se\u00f1al\u00f3 que se han realizado b\u00fasquedas por parte de la Comisi\u00f3n Estatal de B\u00fasqueda y la Comisi\u00f3n Nacional. Sin embargo, consider\u00f3 que estas no son \u00fatiles si no hay una labor de inteligencia que les indiquen puntos potenciales para el hallazgo.<\/p>\n\n\n\n<figure class=\"wp-block-embed is-type-rich is-provider-twitter wp-block-embed-twitter\"><div class=\"wp-block-embed__wrapper\">\n<div class=\"twitter-tweet\"><blockquote class=\"twitter-tweet\" data-lang=\"es\"><p lang=\"es\" dir=\"ltr\"><a href=\"https:\/\/twitter.com\/hashtag\/ENVIVO?src=hash&amp;ref_src=twsrc%5Etfw\">#ENVIVO<\/a><br>Oaxaca.- Conferencia de prensa del activista <a href=\"https:\/\/twitter.com\/quinomixe?ref_src=twsrc%5Etfw\">@quinomixe<\/a> y familiares sobre los avances del caso de la desaparici\u00f3n del joven \u00c9rick Jair, en San Agust\u00edn de las Juntas. <a href=\"https:\/\/t.co\/JCsQ0ONpCg\">https:\/\/t.co\/JCsQ0ONpCg<\/a><\/p>&mdash; Zona Roja Oaxaca (@ZonaRoja_Oaxaca) <a href=\"https:\/\/twitter.com\/ZonaRoja_Oaxaca\/status\/1981065993117176023?ref_src=twsrc%5Etfw\">22 de octubre de 2025<\/a><\/blockquote><\/div>\n<\/div><\/figure>\n","protected":false},"excerpt":{"rendered":"<p>Lisbeth Mej\u00eda Reyes\/Zona Roja. Oaxaca, Oax., a 22 de octubre de 2025.- El activista mixe&hellip;<\/p>\n","protected":false},"author":2,"featured_media":86092,"comment_status":"closed","ping_status":"open","sticky":false,"template":"","format":"standard","meta":{"_lmt_disableupdate":"","_lmt_disable":"","_jetpack_memberships_contains_paid_content":false,"footnotes":""},"categories":[109,46],"tags":[4465,743],"class_list":["post-86091","post","type-post","status-publish","format-standard","has-post-thumbnail","hentry","category-minuto-a-minuto","category-zona-blanca","tag-erick-jair-perez-limon","tag-san-agustin-de-las-juntas"],"jetpack_featured_media_url":"https:\/\/zonaroja.com.mx\/wp-content\/uploads\/2025\/10\/Joaquin-Galvan-conferencia-caso-Erick-Jair.jpg","jetpack_sharing_enabled":true,"_links":{"self":[{"href":"https:\/\/zonaroja.com.mx\/index.php?rest_route=\/wp\/v2\/posts\/86091","targetHints":{"allow":["GET"]}}],"collection":[{"href":"https:\/\/zonaroja.com.mx\/index.php?rest_route=\/wp\/v2\/posts"}],"about":[{"href":"https:\/\/zonaroja.com.mx\/index.php?rest_route=\/wp\/v2\/types\/post"}],"author":[{"embeddable":true,"href":"https:\/\/zonaroja.com.mx\/index.php?rest_route=\/wp\/v2\/users\/2"}],"replies":[{"embeddable":true,"href":"https:\/\/zonaroja.com.mx\/index.php?rest_route=%2Fwp%2Fv2%2Fcomments&post=86091"}],"version-history":[{"count":1,"href":"https:\/\/zonaroja.com.mx\/index.php?rest_route=\/wp\/v2\/posts\/86091\/revisions"}],"predecessor-version":[{"id":86093,"href":"https:\/\/zonaroja.com.mx\/index.php?rest_route=\/wp\/v2\/posts\/86091\/revisions\/86093"}],"wp:featuredmedia":[{"embeddable":true,"href":"https:\/\/zonaroja.com.mx\/index.php?rest_route=\/wp\/v2\/media\/86092"}],"wp:attachment":[{"href":"https:\/\/zonaroja.com.mx\/index.php?rest_route=%2Fwp%2Fv2%2Fmedia&parent=86091"}],"wp:term":[{"taxonomy":"category","embeddable":true,"href":"https:\/\/zonaroja.com.mx\/index.php?rest_route=%2Fwp%2Fv2%2Fcategories&post=86091"},{"taxonomy":"post_tag","embeddable":true,"href":"https:\/\/zonaroja.com.mx\/index.php?rest_route=%2Fwp%2Fv2%2Ftags&post=86091"}],"curies":[{"name":"wp","href":"https:\/\/api.w.org\/{rel}","templated":true}]}}