{"id":86097,"date":"2025-10-23T07:13:42","date_gmt":"2025-10-23T13:13:42","guid":{"rendered":"https:\/\/zonaroja.com.mx\/?p=86097"},"modified":"2025-10-23T07:13:44","modified_gmt":"2025-10-23T13:13:44","slug":"denuncian-fallecimiento-de-profesor-por-negligencia-del-issste-oaxaca","status":"publish","type":"post","link":"https:\/\/zonaroja.com.mx\/?p=86097","title":{"rendered":"Denuncian fallecimiento de profesor por negligencia del ISSSTE Oaxaca"},"content":{"rendered":"\n<p>Raymundo Morales\/Zona Roja.<\/p>\n\n\n\n<p>Oaxaca, Oax., a 23 de octubre de 2025.- El profesor Jorge Iv\u00e1n Blas L\u00f3pez falleci\u00f3 este mi\u00e9rcoles en el hospital del ISSSTE ubicado en Santo Domingo Tehuantepec, Oaxaca, por negligencia m\u00e9dica.<\/p>\n\n\n\n<p>As\u00ed lo acusaron familiares del docente, al protestar en el exterior de dicha instituci\u00f3n m\u00e9dica de la regi\u00f3n del Istmo; en tanto, la Secci\u00f3n 22 del Sindicato Nacional de Trabajadores de la Educaci\u00f3n (SNTE) demandaron justicia y castigo a los responsables.<\/p>\n\n\n\n<p>El profesor Blas L\u00f3pez se desempe\u00f1\u00f3 como docente en la escuela secundaria general \u201cProf. Adolfo C. Gurri\u00f3n\u201d y perteneci\u00f3 al centro de trabajo 10 del sector Juchit\u00e1n.<\/p>\n\n\n\n<p>De acuerdo con sus familiares, el paciente requer\u00eda un traslado urgente, v\u00eda a\u00e9rea a la Ciudad de M\u00e9xico, pero el hospital del ISSSTE de Tehuantepec se lo neg\u00f3, lo que origin\u00f3 que perdiera la vida por la negligente atenci\u00f3n m\u00e9dica.<\/p>\n\n\n\n<p>Presentaba un afectaci\u00f3n en la columna vertebral, lo que deriv\u00f3 en una par\u00e1lisis de todo el cuerpo, por lo cual requer\u00eda una intervenci\u00f3n quir\u00fargica de emergencia que le fue negada.<\/p>\n\n\n\n<p>Ante ello, tanto los allegados del profesor Jorge Iv\u00e1n como los agremiados a la Secci\u00f3n 22 en la regi\u00f3n del Istmo exigieron una investigaci\u00f3n exhaustiva y castigo a los responsables.<\/p>\n\n\n\n<p>Se\u00f1alaron directamente al director del nosocomio federal, Marino Ram\u00edrez Jim\u00e9nez y no descartaron movilizaciones para este jueves.<\/p>\n","protected":false},"excerpt":{"rendered":"<p>Raymundo Morales\/Zona Roja. Oaxaca, Oax., a 23 de octubre de 2025.- El profesor Jorge Iv\u00e1n&hellip;<\/p>\n","protected":false},"author":2,"featured_media":86098,"comment_status":"closed","ping_status":"open","sticky":false,"template":"","format":"standard","meta":{"_lmt_disableupdate":"","_lmt_disable":"","_jetpack_memberships_contains_paid_content":false,"footnotes":""},"categories":[109,47],"tags":[1554],"class_list":["post-86097","post","type-post","status-publish","format-standard","has-post-thumbnail","hentry","category-minuto-a-minuto","category-zona-gris","tag-issste-oaxaca"],"jetpack_featured_media_url":"https:\/\/zonaroja.com.mx\/wp-content\/uploads\/2025\/10\/Muerte-profesor-negligencia-ISSSTE.jpg","jetpack_sharing_enabled":true,"_links":{"self":[{"href":"https:\/\/zonaroja.com.mx\/index.php?rest_route=\/wp\/v2\/posts\/86097","targetHints":{"allow":["GET"]}}],"collection":[{"href":"https:\/\/zonaroja.com.mx\/index.php?rest_route=\/wp\/v2\/posts"}],"about":[{"href":"https:\/\/zonaroja.com.mx\/index.php?rest_route=\/wp\/v2\/types\/post"}],"author":[{"embeddable":true,"href":"https:\/\/zonaroja.com.mx\/index.php?rest_route=\/wp\/v2\/users\/2"}],"replies":[{"embeddable":true,"href":"https:\/\/zonaroja.com.mx\/index.php?rest_route=%2Fwp%2Fv2%2Fcomments&post=86097"}],"version-history":[{"count":1,"href":"https:\/\/zonaroja.com.mx\/index.php?rest_route=\/wp\/v2\/posts\/86097\/revisions"}],"predecessor-version":[{"id":86099,"href":"https:\/\/zonaroja.com.mx\/index.php?rest_route=\/wp\/v2\/posts\/86097\/revisions\/86099"}],"wp:featuredmedia":[{"embeddable":true,"href":"https:\/\/zonaroja.com.mx\/index.php?rest_route=\/wp\/v2\/media\/86098"}],"wp:attachment":[{"href":"https:\/\/zonaroja.com.mx\/index.php?rest_route=%2Fwp%2Fv2%2Fmedia&parent=86097"}],"wp:term":[{"taxonomy":"category","embeddable":true,"href":"https:\/\/zonaroja.com.mx\/index.php?rest_route=%2Fwp%2Fv2%2Fcategories&post=86097"},{"taxonomy":"post_tag","embeddable":true,"href":"https:\/\/zonaroja.com.mx\/index.php?rest_route=%2Fwp%2Fv2%2Ftags&post=86097"}],"curies":[{"name":"wp","href":"https:\/\/api.w.org\/{rel}","templated":true}]}}