{"id":86103,"date":"2025-10-23T09:15:00","date_gmt":"2025-10-23T15:15:00","guid":{"rendered":"https:\/\/zonaroja.com.mx\/?p=86103"},"modified":"2025-10-23T07:39:52","modified_gmt":"2025-10-23T13:39:52","slug":"tras-su-paso-por-festivales-de-cine-el-documental-boca-vieja-llega-al-teatro-alcala","status":"publish","type":"post","link":"https:\/\/zonaroja.com.mx\/?p=86103","title":{"rendered":"Tras su paso por festivales de cine, el documental \u00abBoca Vieja\u00bb llega al teatro \u201cAlcal\u00e1\u201d"},"content":{"rendered":"\n<p>Lisbeth Mej\u00eda Reyes\/Zona Roja.<\/p>\n\n\n\n<p>Oaxaca, Oax., a 23 de octubre de 2025.- El documental \u00abBoca Vieja\u00bb, del cineasta oaxaque\u00f1o Yovegami Ascona Mora, llega este fin de semana al teatro Macedonio Alcal\u00e1, luego de su paso por el Festival Internacional de Cine de Guadalajara y el Festival Internacional de Cine de Morelia.<\/p>\n\n\n\n<p>La funci\u00f3n es posible gracias a la asociaci\u00f3n civil OaxacaCine, que durante octubre y noviembre presenta un programa de proyecciones de cine mexicano en la ciudad de Oaxaca y varios municipios de la entidad.<\/p>\n\n\n\n<p>Ser\u00e1 este s\u00e1bado 25 de octubre, en una funci\u00f3n gratuita, cuando el primer largometraje de Ascona Mora se proyecte en la capital oaxaque\u00f1a, aunque antes se ha presentado en funciones especiales en Bajos de Coyula (donde se localiza la playa Boca Vieja) y en Juchit\u00e1n de Zaragoza.<\/p>\n\n\n\n<p>La funci\u00f3n de \u201cBoca Vieja\u201d ser\u00e1 \u00fanica y como parte del recorrido de OaxacaCine M\u00f3vil; se contar\u00e1 con la presencia de Yovegami Ascona Mora (direcci\u00f3n y fotograf\u00eda), M\u00f3nica Cruz Arcos (productora), Silvia Mora (coproductora y protagonista) y Carlos Edil (productor en campo), explic\u00f3 la asociaci\u00f3n civil.<\/p>\n\n\n\n<p>\u00abPara m\u00ed es muy especial presentar mi pel\u00edcula aqu\u00ed en Oaxaca porque es el lugar donde he vivido desde hace 10 a\u00f1os y quisiera compartirla con la gente de ac\u00e1\u00bb, expres\u00f3 el director durante la presentaci\u00f3n del programa de OaxacaCine y previo a su participaci\u00f3n en el Festival Internacional de Cine de Morelia.<\/p>\n\n\n\n<p>El documental \u00abBoca Vieja\u00bb fue grabado en la playa del mismo nombre, donde naci\u00f3 su mam\u00e1, por lo que la pel\u00edcula es una manera de conectarse con sus ra\u00edces, pero tambi\u00e9n para hablar sobre una de las problem\u00e1ticas que enfrentan varias comunidades en el estado de Oaxaca por el despojo.<\/p>\n\n\n\n<p>\u00abHabla de este pueblo de mi madre, que es un pueblo de pescadores y de campesinos que viven con la amenaza latente del despojo de su territorio y que todos los a\u00f1os tienen que adaptarse a la situaci\u00f3n geogr\u00e1fica y clim\u00e1tica porque le tocan los huracanes y las lluvias. La pel\u00edcula habla de eso, de un pueblo que resiste, pero que tambi\u00e9n vive con la picard\u00eda coste\u00f1a y nos ense\u00f1a como a trav\u00e9s de los ciclos de la vida que un pueblo se puede reconstruir\u00bb, explic\u00f3 el director.<\/p>\n\n\n\n<p>Yovegami Ascona Mora ha realizado varios cortometrajes sobre su comunidad de origen. \u00abBoca Vieja\u00bb es su \u00f3pera prima de largometraje documental que se estren\u00f3 el pasado mes de junio en el 40 Festival Internacional de Cine en Guadalajara FICG, donde obtuvo el Premio del P\u00fablico, el Premio Mezcal del Jurado Joven y Menci\u00f3n Honor\u00edfica a Mejor Pel\u00edcula Mexicana.<\/p>\n","protected":false},"excerpt":{"rendered":"<p>Lisbeth Mej\u00eda Reyes\/Zona Roja. Oaxaca, Oax., a 23 de octubre de 2025.- El documental \u00abBoca&hellip;<\/p>\n","protected":false},"author":2,"featured_media":81080,"comment_status":"closed","ping_status":"open","sticky":false,"template":"","format":"standard","meta":{"_lmt_disableupdate":"","_lmt_disable":"","_jetpack_memberships_contains_paid_content":false,"footnotes":""},"categories":[109,46],"tags":[4326],"class_list":["post-86103","post","type-post","status-publish","format-standard","has-post-thumbnail","hentry","category-minuto-a-minuto","category-zona-blanca","tag-yovegami-ascona-mora"],"jetpack_featured_media_url":"https:\/\/zonaroja.com.mx\/wp-content\/uploads\/2025\/06\/Yovegami-AScona-Mora-cineasta.jpg","jetpack_sharing_enabled":true,"_links":{"self":[{"href":"https:\/\/zonaroja.com.mx\/index.php?rest_route=\/wp\/v2\/posts\/86103","targetHints":{"allow":["GET"]}}],"collection":[{"href":"https:\/\/zonaroja.com.mx\/index.php?rest_route=\/wp\/v2\/posts"}],"about":[{"href":"https:\/\/zonaroja.com.mx\/index.php?rest_route=\/wp\/v2\/types\/post"}],"author":[{"embeddable":true,"href":"https:\/\/zonaroja.com.mx\/index.php?rest_route=\/wp\/v2\/users\/2"}],"replies":[{"embeddable":true,"href":"https:\/\/zonaroja.com.mx\/index.php?rest_route=%2Fwp%2Fv2%2Fcomments&post=86103"}],"version-history":[{"count":1,"href":"https:\/\/zonaroja.com.mx\/index.php?rest_route=\/wp\/v2\/posts\/86103\/revisions"}],"predecessor-version":[{"id":86104,"href":"https:\/\/zonaroja.com.mx\/index.php?rest_route=\/wp\/v2\/posts\/86103\/revisions\/86104"}],"wp:featuredmedia":[{"embeddable":true,"href":"https:\/\/zonaroja.com.mx\/index.php?rest_route=\/wp\/v2\/media\/81080"}],"wp:attachment":[{"href":"https:\/\/zonaroja.com.mx\/index.php?rest_route=%2Fwp%2Fv2%2Fmedia&parent=86103"}],"wp:term":[{"taxonomy":"category","embeddable":true,"href":"https:\/\/zonaroja.com.mx\/index.php?rest_route=%2Fwp%2Fv2%2Fcategories&post=86103"},{"taxonomy":"post_tag","embeddable":true,"href":"https:\/\/zonaroja.com.mx\/index.php?rest_route=%2Fwp%2Fv2%2Ftags&post=86103"}],"curies":[{"name":"wp","href":"https:\/\/api.w.org\/{rel}","templated":true}]}}