{"id":86109,"date":"2025-10-23T13:14:00","date_gmt":"2025-10-23T19:14:00","guid":{"rendered":"https:\/\/zonaroja.com.mx\/?p=86109"},"modified":"2025-10-23T08:47:40","modified_gmt":"2025-10-23T14:47:40","slug":"joyas-robadas-del-louvre-no-se-aseguraron-porque-el-gobierno-no-estimo-riesgos","status":"publish","type":"post","link":"https:\/\/zonaroja.com.mx\/?p=86109","title":{"rendered":"Joyas robadas del Louvre no se aseguraron porque el gobierno no estim\u00f3 riesgos"},"content":{"rendered":"\n<p>Redacci\u00f3n\/Zona Roja Cdmx.<\/p>\n\n\n\n<p>(Informaci\u00f3n de \u201cLa Jornada\u201d)<\/p>\n\n\n\n<p>Ciudad de M\u00e9xico, a 23 de octubre de 2025.- Las joyas del Museo del Louvre robadas el domingo no estaban aseguradas porque el gobierno no consideraba riesgo alguno.<\/p>\n\n\n\n<p>El Ministerio de Cultura justific\u00f3 esta decisi\u00f3n por el \u201ccosto que supondr\u00eda la contrataci\u00f3n de seguros, cuando la tasa de siniestralidad es baja\u201d, report\u00f3 el diario econ\u00f3mico franc\u00e9s \u201cLes \u00c9choes\u201d.<\/p>\n\n\n\n<p>El marchante de arte franc\u00e9s Alexandre Giquello explic\u00f3 a \u201cLa Jornada\u201d que en su pa\u00eds las obras resguardadas por los museos nacionales no cuentan con seguros de compa\u00f1\u00edas privadas por el insoportable costo financiero de contratarlos.<\/p>\n\n\n\n<p>A\u00f1adi\u00f3 que ante el robo de las piezas, valuadas en 88 millones de euros, \u201cser\u00e1 dif\u00edcil encontrar c\u00f3mplices que acepten blanquear esas piezas y, por lo tanto, est\u00e1 la \u201caterradora\u201d posibilidad de que tales \u201ctesoros de nuestro patrimonio sean destruidos para recuperar los materiales preciosos\u201d.<\/p>\n\n\n\n<p>El diario brit\u00e1nico \u201cThe Independent\u201d report\u00f3 que es \u201cpoco probable que estas joyas vuelvan a aparecer\u201d, seg\u00fan Tobias Kormind, director general de 77 Diamonds.&nbsp;<\/p>\n\n\n\n<p>Explic\u00f3 que los grupos criminales profesionales suelen desmontar y volver a tallar piedras grandes y reconocibles para borrar cualquier rastro de su origen y evitar ser detectados.<\/p>\n\n\n\n<p>Giquello record\u00f3 que desde hace algunos a\u00f1os se ha incrementado el n\u00famero de robos en los museos franceses y es seguro, lamentablemente, que se producir\u00e1n otros en el futuro. \u201cLos responsables de los museos son perfectamente conscientes de esta amenaza\u201d.<\/p>\n\n\n\n<p>Al menos cinco museos franceses han sufrido atracos en los dos \u00faltimos meses, entre ellos el del oro sustra\u00eddo del Museo de Historia Natural de Par\u00eds en septiembre pasado.&nbsp;<\/p>\n\n\n\n<p>La agencia rusa Sputnik inform\u00f3 ayer que se detuvo a una ciudadana china por este hurto, citando a la fiscal francesa Laure Beccuau. \u201cAl momento de su detenci\u00f3n intent\u00f3 deshacerse de trozos de oro fundido, con un peso total de casi un kilogramo\u201d.<\/p>\n\n\n\n<p>De ese recinto se sustrajeron pepitas de oro con valor hist\u00f3rico de Bolivia, los Urales, California y Australia, con un peso de unos 6 kilos, valuados en mill\u00f3n y medio de euros. La mujer fue detenida el 30 de septiembre en Barcelona, Espa\u00f1a, y posteriormente fue entregada a las autoridades francesas.<\/p>\n\n\n\n<p>El diario franc\u00e9s \u201cLe Figaro\u201d report\u00f3 que de la noche del domingo al lunes, hubo un robo el museo Maison des Lumi\u00e8res, dedicado a Denis Diderot. \u201cSeg\u00fan las primeras observaciones, ha desaparecido parte del \u2018tesoro del museo\u2019, un conjunto de piezas de plata y oro descubiertas durante las obras de renovaci\u00f3n del H\u00f4tel du Breuil, que hoy alberga el recinto\u201d ubicado en Langres y que permanecer\u00e1 cerrado hasta nuevo aviso.<\/p>\n\n\n\n<p>SIN FONDOS<\/p>\n\n\n\n<p>Christopher Marinello, fundador de la Art Recovery International, dijo que la mayor\u00eda de los museos se quejaron de no tener suficientes fondos para la seguridad.&nbsp;<\/p>\n\n\n\n<p>\u201cEl Louvre es uno de los museos mejor financiados del mundo. Y si se ven afectados, todos los museos son vulnerables\u201d, dijo a Reuters.<\/p>\n\n\n\n<p>Alexandre Giquello resalt\u00f3 el ineludible impacto de estos hechos en el mercado del arte, ante lo cual las autoridades \u201creforzar\u00e1n los controles sobre la procedencia de las obras.&nbsp;<\/p>\n\n\n\n<p>Desde hace 10 a\u00f1os, la gran mayor\u00eda de los profesionales del mercado del arte han mejorado considerablemente su cuidado en materia de procedencia y no tendr\u00e1n ning\u00fan inter\u00e9s en verse envueltos en una situaci\u00f3n de complicidad en el blanqueo y la apropiaci\u00f3n indebida de las joyas de la corona robadas\u201d.<\/p>\n\n\n\n<p>(Con informaci\u00f3n de Afp)<\/p>\n","protected":false},"excerpt":{"rendered":"<p>Redacci\u00f3n\/Zona Roja Cdmx. (Informaci\u00f3n de \u201cLa Jornada\u201d) Ciudad de M\u00e9xico, a 23 de octubre de&hellip;<\/p>\n","protected":false},"author":2,"featured_media":86110,"comment_status":"closed","ping_status":"open","sticky":false,"template":"","format":"standard","meta":{"_lmt_disableupdate":"","_lmt_disable":"","_jetpack_memberships_contains_paid_content":false,"footnotes":""},"categories":[109,47],"tags":[4495],"class_list":["post-86109","post","type-post","status-publish","format-standard","has-post-thumbnail","hentry","category-minuto-a-minuto","category-zona-gris","tag-museo-de-louvre"],"jetpack_featured_media_url":"https:\/\/zonaroja.com.mx\/wp-content\/uploads\/2025\/10\/Joyas-museo-de-louvre.webp","jetpack_sharing_enabled":true,"_links":{"self":[{"href":"https:\/\/zonaroja.com.mx\/index.php?rest_route=\/wp\/v2\/posts\/86109","targetHints":{"allow":["GET"]}}],"collection":[{"href":"https:\/\/zonaroja.com.mx\/index.php?rest_route=\/wp\/v2\/posts"}],"about":[{"href":"https:\/\/zonaroja.com.mx\/index.php?rest_route=\/wp\/v2\/types\/post"}],"author":[{"embeddable":true,"href":"https:\/\/zonaroja.com.mx\/index.php?rest_route=\/wp\/v2\/users\/2"}],"replies":[{"embeddable":true,"href":"https:\/\/zonaroja.com.mx\/index.php?rest_route=%2Fwp%2Fv2%2Fcomments&post=86109"}],"version-history":[{"count":1,"href":"https:\/\/zonaroja.com.mx\/index.php?rest_route=\/wp\/v2\/posts\/86109\/revisions"}],"predecessor-version":[{"id":86111,"href":"https:\/\/zonaroja.com.mx\/index.php?rest_route=\/wp\/v2\/posts\/86109\/revisions\/86111"}],"wp:featuredmedia":[{"embeddable":true,"href":"https:\/\/zonaroja.com.mx\/index.php?rest_route=\/wp\/v2\/media\/86110"}],"wp:attachment":[{"href":"https:\/\/zonaroja.com.mx\/index.php?rest_route=%2Fwp%2Fv2%2Fmedia&parent=86109"}],"wp:term":[{"taxonomy":"category","embeddable":true,"href":"https:\/\/zonaroja.com.mx\/index.php?rest_route=%2Fwp%2Fv2%2Fcategories&post=86109"},{"taxonomy":"post_tag","embeddable":true,"href":"https:\/\/zonaroja.com.mx\/index.php?rest_route=%2Fwp%2Fv2%2Ftags&post=86109"}],"curies":[{"name":"wp","href":"https:\/\/api.w.org\/{rel}","templated":true}]}}