{"id":86114,"date":"2025-10-23T12:28:00","date_gmt":"2025-10-23T18:28:00","guid":{"rendered":"https:\/\/zonaroja.com.mx\/?p=86114"},"modified":"2025-10-23T08:32:21","modified_gmt":"2025-10-23T14:32:21","slug":"avanzan-obras-de-ampliacion-de-carretera-xoxocotlan-aeropuerto","status":"publish","type":"post","link":"https:\/\/zonaroja.com.mx\/?p=86114","title":{"rendered":"Avanzan obras de ampliaci\u00f3n de carretera Xoxocotl\u00e1n-aeropuerto"},"content":{"rendered":"\n<p>Redacci\u00f3n\/Zona Roja.<\/p>\n\n\n\n<p>Oaxaca, Oax., 23 de octubre de 2025.\u2013 La transformaci\u00f3n vial de Santa Cruz Xoxocotl\u00e1n avanza a paso firme con la ampliaci\u00f3n de los m\u00e1rgenes del r\u00edo \u201cAtoyac\u201d, un proyecto estrat\u00e9gico que refleja el trabajo coordinado entre el Gobierno del Estado y el ayuntamiento que encabeza Nancy Ben\u00edtez Z\u00e1rate.&nbsp;<\/p>\n\n\n\n<p>Esta obra que contempla una inversi\u00f3n de 499 millones de pesos conectar\u00e1 la Ex Garita con el Aeropuerto Internacional de Oaxaca, fortaleciendo la movilidad en una de las zonas m\u00e1s transitados de la zona metropolitana y beneficiando a m\u00e1s de 800 mil personas de Santa Cruz Xoxocotl\u00e1n y municipios aleda\u00f1os.<\/p>\n\n\n\n<p>De acuerdo con la Secretar\u00eda de Infraestructuras y Comunicaciones (SIC), en los 3.1 kil\u00f3metros iniciales ya se realiz\u00f3 el colado de los cuatro carriles, y se prev\u00e9 que a finales de este mes se abra a la circulaci\u00f3n el tramo que va de la Ex Garita a las inmediaciones del Colegio Cumbres.<\/p>\n\n\n\n<p>Aunque las lluvias recientes han retrasado el encauzamiento del r\u00edo, se espera concluir esa fase en las pr\u00f3ximas semanas, a fin de garantizar un fluido desfogue vehicular y mejorar las condiciones de tr\u00e1nsito en la zona, principalmente durante las horas pico.<\/p>\n\n\n\n<p>Al respecto, la presidenta municipal Nancy Ben\u00edtez Z\u00e1rate destac\u00f3 que esta obra representa un avance hist\u00f3rico en infraestructura vial, al facilitar el acceso al aeropuerto y mejorar la comunicaci\u00f3n con diversas zonas de la capital oaxaque\u00f1a, impulsando el desarrollo urbano y econ\u00f3mico de la regi\u00f3n y garantizando a las xoxe\u00f1as y xoxe\u00f1os el derecho a una movilidad segura y eficiente.<\/p>\n\n\n\n<p>La dependencia estatal adelant\u00f3 que ya se cuenta con el proyecto ejecutivo para la segunda etapa, que permitir\u00e1 extender la vialidad hasta el Centro de Transferencia, ubicado en la colonia Jerusal\u00e9n, fortaleciendo as\u00ed la conectividad entre Santa Cruz Xoxocotl\u00e1n y la zona metropolitana de Oaxaca.<\/p>\n\n\n\n<p>Cabe destacar que el proyecto incluye la construcci\u00f3n de cuatro carriles, ciclov\u00eda, banquetas, drenaje sanitario y pluvial, as\u00ed como el reencauzamiento del r\u00edo \u201cAtoyac\u201d. Esta obra forma parte de la inversi\u00f3n estatal de 3 mil 276 millones de pesos en infraestructura social, orientada a mejorar la movilidad y la calidad de vida de las y los oaxaque\u00f1os.<\/p>\n","protected":false},"excerpt":{"rendered":"<p>Redacci\u00f3n\/Zona Roja. Oaxaca, Oax., 23 de octubre de 2025.\u2013 La transformaci\u00f3n vial de Santa Cruz&hellip;<\/p>\n","protected":false},"author":2,"featured_media":86115,"comment_status":"closed","ping_status":"open","sticky":false,"template":"","format":"standard","meta":{"_lmt_disableupdate":"","_lmt_disable":"","_jetpack_memberships_contains_paid_content":false,"footnotes":""},"categories":[109,46],"tags":[3376,133],"class_list":["post-86114","post","type-post","status-publish","format-standard","has-post-thumbnail","hentry","category-minuto-a-minuto","category-zona-blanca","tag-nancy-benitez","tag-santa-cruz-xoxocotlan"],"jetpack_featured_media_url":"https:\/\/zonaroja.com.mx\/wp-content\/uploads\/2025\/10\/Obras-rio-atoyac-ampliacion-carretera-Xoxocotlan.jpg","jetpack_sharing_enabled":true,"_links":{"self":[{"href":"https:\/\/zonaroja.com.mx\/index.php?rest_route=\/wp\/v2\/posts\/86114","targetHints":{"allow":["GET"]}}],"collection":[{"href":"https:\/\/zonaroja.com.mx\/index.php?rest_route=\/wp\/v2\/posts"}],"about":[{"href":"https:\/\/zonaroja.com.mx\/index.php?rest_route=\/wp\/v2\/types\/post"}],"author":[{"embeddable":true,"href":"https:\/\/zonaroja.com.mx\/index.php?rest_route=\/wp\/v2\/users\/2"}],"replies":[{"embeddable":true,"href":"https:\/\/zonaroja.com.mx\/index.php?rest_route=%2Fwp%2Fv2%2Fcomments&post=86114"}],"version-history":[{"count":1,"href":"https:\/\/zonaroja.com.mx\/index.php?rest_route=\/wp\/v2\/posts\/86114\/revisions"}],"predecessor-version":[{"id":86116,"href":"https:\/\/zonaroja.com.mx\/index.php?rest_route=\/wp\/v2\/posts\/86114\/revisions\/86116"}],"wp:featuredmedia":[{"embeddable":true,"href":"https:\/\/zonaroja.com.mx\/index.php?rest_route=\/wp\/v2\/media\/86115"}],"wp:attachment":[{"href":"https:\/\/zonaroja.com.mx\/index.php?rest_route=%2Fwp%2Fv2%2Fmedia&parent=86114"}],"wp:term":[{"taxonomy":"category","embeddable":true,"href":"https:\/\/zonaroja.com.mx\/index.php?rest_route=%2Fwp%2Fv2%2Fcategories&post=86114"},{"taxonomy":"post_tag","embeddable":true,"href":"https:\/\/zonaroja.com.mx\/index.php?rest_route=%2Fwp%2Fv2%2Ftags&post=86114"}],"curies":[{"name":"wp","href":"https:\/\/api.w.org\/{rel}","templated":true}]}}