{"id":86126,"date":"2025-10-23T21:39:16","date_gmt":"2025-10-24T03:39:16","guid":{"rendered":"https:\/\/zonaroja.com.mx\/?p=86126"},"modified":"2025-10-23T21:39:18","modified_gmt":"2025-10-24T03:39:18","slug":"vive-oaxaca-otro-dia-de-caos-con-multiples-protestas-y-bloqueos","status":"publish","type":"post","link":"https:\/\/zonaroja.com.mx\/?p=86126","title":{"rendered":"Vive Oaxaca otro d\u00eda de caos, con m\u00faltiples protestas y bloqueos"},"content":{"rendered":"\n<p>Lisbeth Mej\u00eda Reyes\/Zona Roja.<\/p>\n\n\n\n<p>Oaxaca, Oax., a 23 de octubre de 2025.- Militantes organizaciones sociales, docentes de la Secci\u00f3n 22 y habitantes de diversos municipios se manifestaron este jueves en la capital oaxaque\u00f1a y en la regi\u00f3n Istmo, para exigir atenci\u00f3n a demandas varias como justicia, el cese a procesos penales por las altas tarifas de electricidad, entre otras razones.<\/p>\n\n\n\n<p>A temprana hora, en la ciudad de Oaxaca y el municipio conurbado de Santa Luc\u00eda del Camino, la protesta y marcha fue por parte de la organizaci\u00f3n \u201c23 de Octubre\u201d y del MULT, quienes reiteraron su exigencia de justicia por el asesinato de Heriberto Pazos Ortiz.&nbsp;<\/p>\n\n\n\n<p>A 15 a\u00f1os del crimen, y tras una marcha que termin\u00f3 en el z\u00f3calo de la capital, se\u00f1alaron que lo que impera es la impunidad.&nbsp;<\/p>\n\n\n\n<p>Cerca del mediod\u00eda, se registr\u00f3 un bloqueo en la calzada H\u00e9roes de Chapultepec, por parte de supervisores y jefes de sector de la Secci\u00f3n 22, quienes en su cuarta semana de \u201cplant\u00f3n\u201d y protesta exigen al gobierno estatal y federal el reconocimiento de m\u00e1s de 100 plazas.&nbsp;<\/p>\n\n\n\n<p>Ante esta manifestaci\u00f3n, el Instituto Estatal de Educaci\u00f3n P\u00fablica de Oaxaca ha se\u00f1alado que su exigencia ya est\u00e1 siendo atendida y se ha fijado un presupuesto de parte de la federaci\u00f3n, por lo que considera infundadas las acciones. El bloqueo se retir\u00f3 aproximadamente a las 15:00 horas.<\/p>\n\n\n\n<p>Otra manifestaci\u00f3n en la zona norte de la capital fue por parte de habitantes del municipio de Santa Mar\u00eda Atzompa, quienes acudieron a las instalaciones del Tribunal Estatal Electoral de Oaxaca (TEEO) para denunciar irregularidades en la convocatoria para las elecciones de la presidencia municipal, debido a que se impuso como requisito de participaci\u00f3n de las mujeres el estar casadas. La manifestaci\u00f3n fue casi a la par de la sesi\u00f3n del tribunal, en la que se revisaron las inconformidades ciudadanas.<\/p>\n\n\n\n<p>EN EL ISTMO<\/p>\n\n\n\n<p>Habitantes de San Juan Guichicovi, Juchit\u00e1n y Chahuites se manifestaron con bloqueos en varios puntos de la carretera Trans\u00edstmica y en las instalaciones de la Comisi\u00f3n Federal de Electricidad (CFE) de Juchit\u00e1n, para denunciar el cobro de altas tarifas de la paraestatal. Tambi\u00e9n para exigirle el cese de procesos penales en contra de usuarios, pues con esto se est\u00e1 criminalizando a las personas.<\/p>\n\n\n\n<p>A trav\u00e9s de varias organizaciones como Fuerza COCEI y la Coordinadora de Pueblos del Istmo en Resistencia (COPIR), y como parte de una movilizaci\u00f3n en al menos 10 estados, cientos de usuarios exigieron que el servicio el\u00e9ctrico sea un derecho humano y libre de pagos.<\/p>\n\n\n\n<p>Estos bloqueos afectaron zonas el entronque conocido como El Trenecito, en Mat\u00edas Romero; el libramiento de Chahuites, vialidades de Ciudad Ixtepec y en Juchit\u00e1n, a la altura de la CFE. Adem\u00e1s del entronque a Estaci\u00f3n Mogo\u00f1\u00e9.<\/p>\n\n\n\n<p>La regi\u00f3n Istmo se vio paralizada tambi\u00e9n por otras dos protestas en la carretera 200 Costera, tramo Salina Cruz-Huatulco.<\/p>\n\n\n\n<p>Habitantes de Santiago Astata denunciaron que el presidente municipal, \u00d3scar Ric\u00e1rdez Medina, quiere imponer como pr\u00f3ximo edil a su hermano Dorian Ric\u00e1rdez; la manifestaci\u00f3n cumple dos d\u00edas.<\/p>\n\n\n\n<p>Mientras que en Morro Mazat\u00e1n, agencia de Santo Domingo Tehuantepec, el bloqueo fue para exigir a la CFE la reinstalaci\u00f3n del servicio el\u00e9ctrico.<\/p>\n\n\n\n<p>En la supercarretera 190D, tramo Ciudad Ixtepec-Salina Cruz, fue tomada la caseta de cobro en Ixtepec, por parte de egresados de l Universidad Pedag\u00f3gica Nacional que exigen atenci\u00f3n a sus demandas.<\/p>\n\n\n\n<p>Mientras tanto, durante la tarde y la noche de hoy un grupo de trabajadores de base protest\u00f3 en Ciudad Administrativa, complejo de oficinas del gobierno de Oaxaca ubicado en Ciudad Administrativa, para denunciar una serie de anomal\u00edas en su centro de trabajo.<\/p>\n\n\n\n<p>NUEVAS MOVILIZACIONES<\/p>\n\n\n\n<p>Para este viernes, la Secci\u00f3n 22 tambi\u00e9n alista nuevas movilizaciones como parte de su exigencia para derogar la ley del ISSSTE del 2007 y la reforma educativa del 2015. Ser\u00e1 en torno al complejo de Ciudad Administrativa, en Tlalixtac de Cabrera, donde se d\u00e9 la concentraci\u00f3n masiva de docentes para cubrir la mesa de di\u00e1logo de la Secci\u00f3n 22 del SNTE con los gobiernos federal y estatal.<\/p>\n","protected":false},"excerpt":{"rendered":"<p>Lisbeth Mej\u00eda Reyes\/Zona Roja. Oaxaca, Oax., a 23 de octubre de 2025.- Militantes organizaciones sociales,&hellip;<\/p>\n","protected":false},"author":2,"featured_media":86129,"comment_status":"closed","ping_status":"open","sticky":false,"template":"","format":"standard","meta":{"_lmt_disableupdate":"","_lmt_disable":"","_jetpack_memberships_contains_paid_content":false,"footnotes":""},"categories":[109,47],"tags":[2264],"class_list":["post-86126","post","type-post","status-publish","format-standard","has-post-thumbnail","hentry","category-minuto-a-minuto","category-zona-gris","tag-bloqueos-y-protestas-oaxaca"],"jetpack_featured_media_url":"https:\/\/zonaroja.com.mx\/wp-content\/uploads\/2025\/10\/Protestas-y-bloqueos-Oaxaca-23-de-octubr.jpg","jetpack_sharing_enabled":true,"_links":{"self":[{"href":"https:\/\/zonaroja.com.mx\/index.php?rest_route=\/wp\/v2\/posts\/86126","targetHints":{"allow":["GET"]}}],"collection":[{"href":"https:\/\/zonaroja.com.mx\/index.php?rest_route=\/wp\/v2\/posts"}],"about":[{"href":"https:\/\/zonaroja.com.mx\/index.php?rest_route=\/wp\/v2\/types\/post"}],"author":[{"embeddable":true,"href":"https:\/\/zonaroja.com.mx\/index.php?rest_route=\/wp\/v2\/users\/2"}],"replies":[{"embeddable":true,"href":"https:\/\/zonaroja.com.mx\/index.php?rest_route=%2Fwp%2Fv2%2Fcomments&post=86126"}],"version-history":[{"count":1,"href":"https:\/\/zonaroja.com.mx\/index.php?rest_route=\/wp\/v2\/posts\/86126\/revisions"}],"predecessor-version":[{"id":86130,"href":"https:\/\/zonaroja.com.mx\/index.php?rest_route=\/wp\/v2\/posts\/86126\/revisions\/86130"}],"wp:featuredmedia":[{"embeddable":true,"href":"https:\/\/zonaroja.com.mx\/index.php?rest_route=\/wp\/v2\/media\/86129"}],"wp:attachment":[{"href":"https:\/\/zonaroja.com.mx\/index.php?rest_route=%2Fwp%2Fv2%2Fmedia&parent=86126"}],"wp:term":[{"taxonomy":"category","embeddable":true,"href":"https:\/\/zonaroja.com.mx\/index.php?rest_route=%2Fwp%2Fv2%2Fcategories&post=86126"},{"taxonomy":"post_tag","embeddable":true,"href":"https:\/\/zonaroja.com.mx\/index.php?rest_route=%2Fwp%2Fv2%2Ftags&post=86126"}],"curies":[{"name":"wp","href":"https:\/\/api.w.org\/{rel}","templated":true}]}}