{"id":86133,"date":"2025-10-24T07:01:32","date_gmt":"2025-10-24T13:01:32","guid":{"rendered":"https:\/\/zonaroja.com.mx\/?p=86133"},"modified":"2025-10-24T07:01:33","modified_gmt":"2025-10-24T13:01:33","slug":"inicia-la-siembra-de-tuberculos-rumbo-a-la-noche-de-rabanos-2025","status":"publish","type":"post","link":"https:\/\/zonaroja.com.mx\/?p=86133","title":{"rendered":"Inicia la siembra de tub\u00e9rculos, rumbo a la Noche de R\u00e1banos 2025"},"content":{"rendered":"\n<p>Redacci\u00f3n\/Zona Roja.<\/p>\n\n\n\n<p>Oaxaca, Oax., a 24 de octubre de 2025.\u2013 En los viveros del bosque \u201cEl Tequio\u201d se llev\u00f3 a cabo la siembra simb\u00f3lica de r\u00e1banos, acto que marca el inicio de los preparativos rumbo a la Tradicional Noche de R\u00e1banos 2025, una de las celebraciones m\u00e1s emblem\u00e1ticas y esperadas de la capital oaxaque\u00f1a.<\/p>\n\n\n\n<p>Organizado por el ayuntamiento de Oaxaca de Ju\u00e1rez, a trav\u00e9s de la Secretar\u00eda de Turismo Municipal, en coordinaci\u00f3n con la Secretar\u00eda de Fomento Agroalimentario y Desarrollo Rural del Gobierno del Estado, este evento representa el punto de partida para obtener los tub\u00e9rculos que son transformados por las manos de los hortelanos en m\u00e1gicas creaciones de figuras que cada 23 de diciembre llenan de color, ingenio y tradici\u00f3n la Plaza de la Constituci\u00f3n.<\/p>\n\n\n\n<p>Durante la jornada se sembraron las primeras semillas que, tras semanas de cuidado y cultivo, dar\u00e1n vida a las piezas que ser\u00e1n exhibidas en una de las muestras culturales m\u00e1s singulares del pa\u00eds.&nbsp;<\/p>\n\n\n\n<p>La siembra se realiz\u00f3 en una superficie aproximada de siete 500 metros cuadrados dentro del bosque \u201cEl Tequio\u201d, con una producci\u00f3n estimada de 14 toneladas de r\u00e1banos de las variedades Champion (bolita) y Bartender (largo).<\/p>\n\n\n\n<p>La Noche de R\u00e1banos tuvo su origen el 23 de diciembre de 1897 como una muestra de floricultura y horticultura en la entonces Plaza de R\u00e1banos.&nbsp;<\/p>\n\n\n\n<p>Con el paso del tiempo, esta tradici\u00f3n adopt\u00f3 su nombre actual e incorpor\u00f3 nuevas categor\u00edas como flor inmortal y totomoxtle, reflejando la creatividad y la destreza artesanal del pueblo oaxaque\u00f1o.<\/p>\n\n\n\n<p>Hoy, esta festividad es reconocida como un acontecimiento \u00fanico en el pa\u00eds, que atrae cada a\u00f1o a miles de visitantes nacionales y extranjeros, consolid\u00e1ndose como uno de los principales referentes culturales y tur\u00edsticos de Oaxaca.<\/p>\n\n\n\n<p>Con la siembra simb\u00f3lica, el Gobierno Municipal de Oaxaca de Ju\u00e1rez reafirma su compromiso con la preservaci\u00f3n de las tradiciones que fortalecen la identidad cultural de la capital, bajo el principio de seguir trabajando con y para la gente.<\/p>\n\n\n\n<figure class=\"wp-block-embed is-type-rich is-provider-twitter wp-block-embed-twitter\"><div class=\"wp-block-embed__wrapper\">\n<div class=\"twitter-tweet\"><blockquote class=\"twitter-tweet\" data-lang=\"es\"><p lang=\"es\" dir=\"ltr\">\ud83c\udf31 \u00a1Comienza la magia rumbo a la Noche de R\u00e1banos 2025!<br><br>Desde el Bosque El Tequio, el Gobierno Municipal de Oaxaca de Ju\u00e1rez dio inicio a la siembra simb\u00f3lica que marca el comienzo de una de nuestras tradiciones m\u00e1s queridas. <a href=\"https:\/\/twitter.com\/hashtag\/NocheDeR%C3%A1banos2025?src=hash&amp;ref_src=twsrc%5Etfw\">#NocheDeR\u00e1banos2025<\/a> <a href=\"https:\/\/t.co\/qNSbWeAabz\">pic.twitter.com\/qNSbWeAabz<\/a><\/p>&mdash; Municipio de Oaxaca de Ju\u00e1rez (@MunicipioOaxaca) <a href=\"https:\/\/twitter.com\/MunicipioOaxaca\/status\/1981483521094144485?ref_src=twsrc%5Etfw\">23 de octubre de 2025<\/a><\/blockquote><\/div>\n<\/div><\/figure>\n","protected":false},"excerpt":{"rendered":"<p>Redacci\u00f3n\/Zona Roja. Oaxaca, Oax., a 24 de octubre de 2025.\u2013 En los viveros del bosque&hellip;<\/p>\n","protected":false},"author":2,"featured_media":86134,"comment_status":"closed","ping_status":"open","sticky":false,"template":"","format":"standard","meta":{"_lmt_disableupdate":"","_lmt_disable":"","_jetpack_memberships_contains_paid_content":false,"footnotes":""},"categories":[109,46],"tags":[148],"class_list":["post-86133","post","type-post","status-publish","format-standard","has-post-thumbnail","hentry","category-minuto-a-minuto","category-zona-blanca","tag-oaxaca-de-juarez"],"jetpack_featured_media_url":"https:\/\/zonaroja.com.mx\/wp-content\/uploads\/2025\/10\/siembrade-rabanos-Oaxaca.jpeg","jetpack_sharing_enabled":true,"_links":{"self":[{"href":"https:\/\/zonaroja.com.mx\/index.php?rest_route=\/wp\/v2\/posts\/86133","targetHints":{"allow":["GET"]}}],"collection":[{"href":"https:\/\/zonaroja.com.mx\/index.php?rest_route=\/wp\/v2\/posts"}],"about":[{"href":"https:\/\/zonaroja.com.mx\/index.php?rest_route=\/wp\/v2\/types\/post"}],"author":[{"embeddable":true,"href":"https:\/\/zonaroja.com.mx\/index.php?rest_route=\/wp\/v2\/users\/2"}],"replies":[{"embeddable":true,"href":"https:\/\/zonaroja.com.mx\/index.php?rest_route=%2Fwp%2Fv2%2Fcomments&post=86133"}],"version-history":[{"count":1,"href":"https:\/\/zonaroja.com.mx\/index.php?rest_route=\/wp\/v2\/posts\/86133\/revisions"}],"predecessor-version":[{"id":86135,"href":"https:\/\/zonaroja.com.mx\/index.php?rest_route=\/wp\/v2\/posts\/86133\/revisions\/86135"}],"wp:featuredmedia":[{"embeddable":true,"href":"https:\/\/zonaroja.com.mx\/index.php?rest_route=\/wp\/v2\/media\/86134"}],"wp:attachment":[{"href":"https:\/\/zonaroja.com.mx\/index.php?rest_route=%2Fwp%2Fv2%2Fmedia&parent=86133"}],"wp:term":[{"taxonomy":"category","embeddable":true,"href":"https:\/\/zonaroja.com.mx\/index.php?rest_route=%2Fwp%2Fv2%2Fcategories&post=86133"},{"taxonomy":"post_tag","embeddable":true,"href":"https:\/\/zonaroja.com.mx\/index.php?rest_route=%2Fwp%2Fv2%2Ftags&post=86133"}],"curies":[{"name":"wp","href":"https:\/\/api.w.org\/{rel}","templated":true}]}}