{"id":86141,"date":"2025-10-24T08:15:00","date_gmt":"2025-10-24T14:15:00","guid":{"rendered":"https:\/\/zonaroja.com.mx\/?p=86141"},"modified":"2025-10-24T08:32:14","modified_gmt":"2025-10-24T14:32:14","slug":"con-quema-de-llantas-impiden-instalacion-de-tranquis-en-la-ciudad-de-oaxaca","status":"publish","type":"post","link":"https:\/\/zonaroja.com.mx\/?p=86141","title":{"rendered":"Con quema de llantas, impiden instalaci\u00f3n de tianguis en la ciudad de Oaxaca"},"content":{"rendered":"\n<p>Ismael Garc\u00eda M.\/Zona Roja.<\/p>\n\n\n\n<p>Oaxaca, Oax., a 24 de octubre de 2025.- Con quema de llantas sobre el asfalto y bloqueo a vialidades, vecinos de las colonias Morelos y Jos\u00e9 Vasconcelos de la ciudad de Oaxaca, impidieron la instalaci\u00f3n de un tianguis semanal.<\/p>\n\n\n\n<p>Poco antes de las seis de la ma\u00f1ana, cientos de colonos se apostaron en el bulevar Eduardo Vasconcelos y su continuaci\u00f3n Perif\u00e9rico, para exigir el retiro de puestos que ya cercaban el parque de la prolongaci\u00f3n de calzada de la Rep\u00fablica.<\/p>\n\n\n\n<p>A falta de atenci\u00f3n por parte de las autoridades, comenzaron la quema de llantas, lo que origin\u00f3 confrontaci\u00f3n verbal con otros vecinos, automovilistas y motociclistas que pretend\u00edan cruzar por la zona.<\/p>\n\n\n\n<p>Asimismo, uno de los inconformes fue seguido y golpeado por los ambulantes que pretend\u00edan instalarse por la fuerza. <\/p>\n\n\n\n<p>Y es que tras el inicio de la construcci\u00f3n del nuevo estadio de b\u00e9isbol \u201cEduardo Vasconcelos\u201d, se cerraron varias vialidades en la zona, incluyendo la calle Derechos Humanos, donde se instalaba una parte los tianguistas cada viernes.<\/p>\n\n\n\n<p>A ra\u00edz de ello, el gobierno municipal de Oaxaca de Ju\u00e1rez ha pretendido reubicar a los tianguistas en el camell\u00f3n de la calzada de la Rep\u00fablica, lo que origin\u00f3 m\u00faltiples rechazos.<\/p>\n\n\n\n<p>Los vecinos se organizaron, colocaron cintas preventivas en la zona, as\u00ed como carteles y lonas, en rechazo a la llegada de los vendedores informales.<\/p>\n\n\n\n<p>Sin embargo, desde anoche fueron informados que se instalar\u00edan los puestos este viernes, por lo cual reactivaron sus movilizaciones.<\/p>\n\n\n\n<p>En la madrugada comenzaron a llegar los vendedores, lo cual gener\u00f3 un rechazo generalizado; tras ello comenzaron a efectuar los bloqueos.<\/p>\n\n\n\n<p>Poco despu\u00e9s de las siete de la ma\u00f1ana arribaron funcionarios del ayuntamiento capitalino y tras el di\u00e1logo, retiraron el bloqueo de un carril de circulaci\u00f3n en el Perif\u00e9rico.&nbsp;<\/p>\n\n\n\n<p>Los tianguistas regresaron este d\u00eda a su sede, en la calle de Curtidur\u00edas; no obstante, los vecinos de las colonias Morelos y Jos\u00e9 Vasconcelos continuan en alerta.<\/p>\n\n\n\n<p>Cabe mencionar que la construcci\u00f3n del estadio de b\u00e9isbol ha generado tambi\u00e9n rechazo por parte de alumnos, docentes y padres de familia de al menos seis planteles en la zona, que incluso bloquearon vialidades para exigir seguridad y libre tr\u00e1nsito en la zona.<\/p>\n\n\n\n<figure class=\"wp-block-embed is-type-rich is-provider-twitter wp-block-embed-twitter\"><div class=\"wp-block-embed__wrapper\">\n<div class=\"twitter-tweet\"><blockquote class=\"twitter-tweet\" data-lang=\"es\"><p lang=\"es\" dir=\"ltr\"><a href=\"https:\/\/twitter.com\/hashtag\/AlMomento?src=hash&amp;ref_src=twsrc%5Etfw\">#AlMomento<\/a><br>Cada vez m\u00e1s madrugadoras las protestas en <a href=\"https:\/\/twitter.com\/hashtag\/Oaxaca?src=hash&amp;ref_src=twsrc%5Etfw\">#Oaxaca<\/a>.<br><br>Antes de las seis de la ma\u00f1ana, habitantes de las colonias Morelos y Jos\u00e9 Vasconcelos, iniciaron el bloqueo al bulevar Eduardo Vasconcelos y su continuaci\u00f3n Perif\u00e9rico, en la capital, en protesta por la instalaci\u00f3n\u2026 <a href=\"https:\/\/t.co\/OEYgd0UrWb\">pic.twitter.com\/OEYgd0UrWb<\/a><\/p>&mdash; Zona Roja Oaxaca (@ZonaRoja_Oaxaca) <a href=\"https:\/\/twitter.com\/ZonaRoja_Oaxaca\/status\/1981706436779331812?ref_src=twsrc%5Etfw\">24 de octubre de 2025<\/a><\/blockquote><\/div>\n<\/div><\/figure>\n","protected":false},"excerpt":{"rendered":"<p>Ismael Garc\u00eda M.\/Zona Roja. Oaxaca, Oax., a 24 de octubre de 2025.- Con quema de&hellip;<\/p>\n","protected":false},"author":2,"featured_media":86142,"comment_status":"closed","ping_status":"open","sticky":false,"template":"","format":"standard","meta":{"_lmt_disableupdate":"","_lmt_disable":"","_jetpack_memberships_contains_paid_content":false,"footnotes":""},"categories":[109,47],"tags":[148],"class_list":["post-86141","post","type-post","status-publish","format-standard","has-post-thumbnail","hentry","category-minuto-a-minuto","category-zona-gris","tag-oaxaca-de-juarez"],"jetpack_featured_media_url":"https:\/\/zonaroja.com.mx\/wp-content\/uploads\/2025\/10\/Protesta-colonos-ciudad-de-Oaxaca-tianguis.jpg","jetpack_sharing_enabled":true,"_links":{"self":[{"href":"https:\/\/zonaroja.com.mx\/index.php?rest_route=\/wp\/v2\/posts\/86141","targetHints":{"allow":["GET"]}}],"collection":[{"href":"https:\/\/zonaroja.com.mx\/index.php?rest_route=\/wp\/v2\/posts"}],"about":[{"href":"https:\/\/zonaroja.com.mx\/index.php?rest_route=\/wp\/v2\/types\/post"}],"author":[{"embeddable":true,"href":"https:\/\/zonaroja.com.mx\/index.php?rest_route=\/wp\/v2\/users\/2"}],"replies":[{"embeddable":true,"href":"https:\/\/zonaroja.com.mx\/index.php?rest_route=%2Fwp%2Fv2%2Fcomments&post=86141"}],"version-history":[{"count":2,"href":"https:\/\/zonaroja.com.mx\/index.php?rest_route=\/wp\/v2\/posts\/86141\/revisions"}],"predecessor-version":[{"id":86149,"href":"https:\/\/zonaroja.com.mx\/index.php?rest_route=\/wp\/v2\/posts\/86141\/revisions\/86149"}],"wp:featuredmedia":[{"embeddable":true,"href":"https:\/\/zonaroja.com.mx\/index.php?rest_route=\/wp\/v2\/media\/86142"}],"wp:attachment":[{"href":"https:\/\/zonaroja.com.mx\/index.php?rest_route=%2Fwp%2Fv2%2Fmedia&parent=86141"}],"wp:term":[{"taxonomy":"category","embeddable":true,"href":"https:\/\/zonaroja.com.mx\/index.php?rest_route=%2Fwp%2Fv2%2Fcategories&post=86141"},{"taxonomy":"post_tag","embeddable":true,"href":"https:\/\/zonaroja.com.mx\/index.php?rest_route=%2Fwp%2Fv2%2Ftags&post=86141"}],"curies":[{"name":"wp","href":"https:\/\/api.w.org\/{rel}","templated":true}]}}