{"id":86147,"date":"2025-10-24T12:24:00","date_gmt":"2025-10-24T18:24:00","guid":{"rendered":"https:\/\/zonaroja.com.mx\/?p=86147"},"modified":"2025-10-24T08:28:32","modified_gmt":"2025-10-24T14:28:32","slug":"herencia-de-murat-inconcluso-y-aun-en-investigacion-centro-cultural-alvaro-carrillo","status":"publish","type":"post","link":"https:\/\/zonaroja.com.mx\/?p=86147","title":{"rendered":"Herencia de Murat: inconcluso y a\u00fan en investigaci\u00f3n, Centro Cultural \u201c\u00c1lvaro Carrillo\u201d"},"content":{"rendered":"\n<p>Lisbeth Mej\u00eda Reyes\/Zona Roja.<\/p>\n\n\n\n<p>Oaxaca, Oax., a 24 de octubre de 2025.- A casi tres a\u00f1os de su inauguraci\u00f3n por el entonces gobernador Alejandro Murat, el Centro Cultural \u201c\u00c1lvaro Carrillo\u201d sigue cerrado y en investigaci\u00f3n por el posible da\u00f1o al erario p\u00fablico de la obra. En su momento, el gobierno de Oaxaca (2016-2022) inform\u00f3 que por la construcci\u00f3n pag\u00f3 360 millones de pesos a Ingenieros Civiles Asociados (ICA), del empresario Carlos Slim Hel\u00fa, sin que se concluyera la obra.<\/p>\n\n\n\n<p>Recientemente, el consejero Jur\u00eddico del gobierno estatal, Geovany V\u00e1squez Sagrero, se\u00f1al\u00f3 que por la obra hay varios ex funcionarios vinculados a proceso y que esa es una de las razones que han frenado la intervenci\u00f3n al inmueble, el cual se pretend\u00eda poner en operaci\u00f3n en este a\u00f1o.&nbsp;<\/p>\n\n\n\n<p>Por ahora, el inmueble se encuentra en manos de la Fiscal\u00eda Especializada en Materia de Combate a la Corrupci\u00f3n y se espera el dictamen de esta para saber con exactitud el grado de da\u00f1o. Tambi\u00e9n para continuar con &nbsp;las investigaciones y deslindar o fincar responsabilidades.<\/p>\n\n\n\n<p>V\u00e1squez Sagrero se\u00f1al\u00f3 el martes que uno de los vinculados a proceso por el da\u00f1o a ra\u00edz de esta obra es el ex titular de la Secretar\u00eda de las Infraestructuras y Ordenamiento Territorial, Javier Lazcano Vargas. Esta fue la segunda vinculaci\u00f3n a proceso de Lazcano, pues antes, en 2023, hab\u00eda sido vinculado y aprehendido por el presunto ejercicio il\u00edcito de atribuciones, al pagar m\u00e1s de 50 millones de pesos a ICA, pero por la ampliaci\u00f3n de la avenida S\u00edmbolos Patrios.<\/p>\n\n\n\n<p>\u00abDerivado de las investigaciones que hizo la Secretar\u00eda de Honestidad, result\u00f3 que se hab\u00edan pagado las estimaciones y no hab\u00edan concluido con la obra (del \u2018\u00c1lvaro Carrillo\u2019). Eso deriv\u00f3 en el inicio de una carpeta de investigaci\u00f3n y el consecuente ejercicio de la acci\u00f3n penal, con las vinculaciones correspondientes\u00bb, explic\u00f3 V\u00e1squez Sagrero.<\/p>\n\n\n\n<p>Fue en junio de 2024 cuando en un operativo con la Fiscal\u00eda General del Estado y la Polic\u00eda Estatal, el gobierno recuper\u00f3 el Centro Cultural \u201c\u00c1lvaro Carrillo\u201d, pues hasta ese momento segu\u00eda en manos de ICA, empresa que argument\u00f3 la falta de pago y por eso se negaba a entregar la obra al gobierno.<\/p>\n\n\n\n<p>\u00abSe tuvo que tomar por medio de la fuerza, pero tambi\u00e9n mediante procedimientos jur\u00eddicos y ahorita se est\u00e1 en espera de una dictaminaci\u00f3n\u00bb, detall\u00f3 el consejero.<\/p>\n\n\n\n<p>En septiembre de 2024, Lazcano Vargas sali\u00f3 del penal de Tanivet, donde permanec\u00eda. Sin embargo, el Tribunal Superior de Justicia del Estado asegur\u00f3 que se mantiene vinculado.<\/p>\n\n\n\n<p>Se espera que una vez obtenido el dictamen el Centro Cultural \u201c\u00c1lvaro Carrillo\u201d sea intervenido para su operaci\u00f3n, la cual estar\u00e1 en manos de la Secretar\u00eda de las Culturas y Artes de Oaxaca.<\/p>\n\n\n\n<p>El titular de esta \u00faltima dependencia, Flavio Sosa Villavicencio, anunci\u00f3 a principios de este a\u00f1o que la apertura del inmueble ser\u00eda a finales de 2025. No obstante,, recientemente respondi\u00f3 que ser\u00e1 hasta 2026, en espera de la resoluci\u00f3n de los procesos pendientes y de su equipamiento.<\/p>\n\n\n\n<p>Fue el 20 de noviembre de 2022 cuando el entonces gobernador por el PRI, Alejandro Murat (ahora senador por Morena) inaugur\u00f3 el centro cultural. En la ceremonia privada estuvo como invitado especial el empresario Carlos Slim y se cont\u00f3 con la participaci\u00f3n de la bailarina Elisa Carrillo.<\/p>\n\n\n\n<p>El inmueble se construy\u00f3 en un terreno donado en 2014 por Pemex al gobierno estatal. Antes de que se edificara este centro cultural, estuvieron ah\u00ed el teatro \u00c1lvaro Carrillo, las oficinas de la Secretar\u00eda de las Culturas y Artes, as\u00ed como las instalaciones de la Corporaci\u00f3n Oaxaque\u00f1a de Radio y Televisi\u00f3n y el Centro de Convenciones Monte Alb\u00e1n.<\/p>\n","protected":false},"excerpt":{"rendered":"<p>Lisbeth Mej\u00eda Reyes\/Zona Roja. Oaxaca, Oax., a 24 de octubre de 2025.- A casi tres&hellip;<\/p>\n","protected":false},"author":2,"featured_media":69314,"comment_status":"closed","ping_status":"open","sticky":false,"template":"","format":"standard","meta":{"_lmt_disableupdate":"","_lmt_disable":"","_jetpack_memberships_contains_paid_content":false,"footnotes":""},"categories":[109,47],"tags":[3967],"class_list":["post-86147","post","type-post","status-publish","format-standard","has-post-thumbnail","hentry","category-minuto-a-minuto","category-zona-gris","tag-centro-cultural-alvaro-carrillo"],"jetpack_featured_media_url":"https:\/\/zonaroja.com.mx\/wp-content\/uploads\/2024\/06\/Recuperan-centro-cultural-Alvaro-Carrillo.jpg","jetpack_sharing_enabled":true,"_links":{"self":[{"href":"https:\/\/zonaroja.com.mx\/index.php?rest_route=\/wp\/v2\/posts\/86147","targetHints":{"allow":["GET"]}}],"collection":[{"href":"https:\/\/zonaroja.com.mx\/index.php?rest_route=\/wp\/v2\/posts"}],"about":[{"href":"https:\/\/zonaroja.com.mx\/index.php?rest_route=\/wp\/v2\/types\/post"}],"author":[{"embeddable":true,"href":"https:\/\/zonaroja.com.mx\/index.php?rest_route=\/wp\/v2\/users\/2"}],"replies":[{"embeddable":true,"href":"https:\/\/zonaroja.com.mx\/index.php?rest_route=%2Fwp%2Fv2%2Fcomments&post=86147"}],"version-history":[{"count":1,"href":"https:\/\/zonaroja.com.mx\/index.php?rest_route=\/wp\/v2\/posts\/86147\/revisions"}],"predecessor-version":[{"id":86148,"href":"https:\/\/zonaroja.com.mx\/index.php?rest_route=\/wp\/v2\/posts\/86147\/revisions\/86148"}],"wp:featuredmedia":[{"embeddable":true,"href":"https:\/\/zonaroja.com.mx\/index.php?rest_route=\/wp\/v2\/media\/69314"}],"wp:attachment":[{"href":"https:\/\/zonaroja.com.mx\/index.php?rest_route=%2Fwp%2Fv2%2Fmedia&parent=86147"}],"wp:term":[{"taxonomy":"category","embeddable":true,"href":"https:\/\/zonaroja.com.mx\/index.php?rest_route=%2Fwp%2Fv2%2Fcategories&post=86147"},{"taxonomy":"post_tag","embeddable":true,"href":"https:\/\/zonaroja.com.mx\/index.php?rest_route=%2Fwp%2Fv2%2Ftags&post=86147"}],"curies":[{"name":"wp","href":"https:\/\/api.w.org\/{rel}","templated":true}]}}