{"id":86152,"date":"2025-10-24T10:16:30","date_gmt":"2025-10-24T16:16:30","guid":{"rendered":"https:\/\/zonaroja.com.mx\/?p=86152"},"modified":"2025-10-24T10:16:30","modified_gmt":"2025-10-24T16:16:30","slug":"matan-a-balazos-en-la-region-mixteca-a-otro-militante-del-mult","status":"publish","type":"post","link":"https:\/\/zonaroja.com.mx\/?p=86152","title":{"rendered":"Matan a balazos en la regi\u00f3n Mixteca a otro militante del MULT"},"content":{"rendered":"\n<p>Ismael Garc\u00eda\/Zona Roja.<\/p>\n\n\n\n<p>Oaxaca, Oax., a 24 de octubre de 2025.-Otro militante del Movimiento de Unificaci\u00f3n y Lucha Triqui fue asesinado ayer por la tarde en la regi\u00f3n Mixteca del estado de Oaxaca.<\/p>\n\n\n\n<p>Se trata de Celso V. D., qui\u00e9n fue ultimado en el interior de su veh\u00edculo, cuando transitaba sobre la carretera local que comunica a Santiago Juxtlahuaca con la comunidad de Carrizal, a la altura del paraje \u201cTres Cruces\u201d.&nbsp;<\/p>\n\n\n\n<p>Presuntamente sujetos armados le dispararon de manera directa y, seg\u00fan las primeras versiones policiacas, el cuerpo presenta varios impactos de arma de fuego.<\/p>\n\n\n\n<p>Hasta el momento, la organizaci\u00f3n social no ha emitido ning\u00fan pronunciamiento, como suele hacerlo cada vez que ocurre este hecho tipo de hechos.<\/p>\n\n\n\n<p>Apenas ayer, una representaci\u00f3n del MULT march\u00f3 del crucero de la antigua sede del IEEPO hacia el z\u00f3calo de la ciudad de Oaxaca, en el marco del 15 aniversario luctuoso de Heriberto Pazos Ortiz.<\/p>\n\n\n\n<p>Sin embargo, sus dirigentes no ingresaron a la mesa de trabajo que presidi\u00f3 el mandatario Salom\u00f3n Jara Cruz, en el Palacio de Gobierno, donde \u00fanicamente estuvo otra organizaci\u00f3n, denominada \u201c23 de Octubre\u201d.<\/p>\n\n\n\n<p>El pasado 4 de octubre, el Movimiento de Unificaci\u00f3n y Lucha Triqui Independiente (MULTI) denunci\u00f3 el asesinato de dos de sus militantes, entre ellos una mujer, y culp\u00f3 de ello a los dirigentes del MULT.&nbsp;<\/p>\n","protected":false},"excerpt":{"rendered":"<p>Ismael Garc\u00eda\/Zona Roja. Oaxaca, Oax., a 24 de octubre de 2025.-Otro militante del Movimiento de&hellip;<\/p>\n","protected":false},"author":2,"featured_media":69343,"comment_status":"closed","ping_status":"open","sticky":false,"template":"","format":"standard","meta":{"_lmt_disableupdate":"","_lmt_disable":"","_jetpack_memberships_contains_paid_content":false,"footnotes":""},"categories":[109,51],"tags":[],"class_list":["post-86152","post","type-post","status-publish","format-standard","has-post-thumbnail","hentry","category-minuto-a-minuto","category-zona-roja"],"jetpack_featured_media_url":"https:\/\/zonaroja.com.mx\/wp-content\/uploads\/2024\/06\/MULT-Movimiento-de-Unificacion-y-Lucha-triqui.jpg","jetpack_sharing_enabled":true,"_links":{"self":[{"href":"https:\/\/zonaroja.com.mx\/index.php?rest_route=\/wp\/v2\/posts\/86152","targetHints":{"allow":["GET"]}}],"collection":[{"href":"https:\/\/zonaroja.com.mx\/index.php?rest_route=\/wp\/v2\/posts"}],"about":[{"href":"https:\/\/zonaroja.com.mx\/index.php?rest_route=\/wp\/v2\/types\/post"}],"author":[{"embeddable":true,"href":"https:\/\/zonaroja.com.mx\/index.php?rest_route=\/wp\/v2\/users\/2"}],"replies":[{"embeddable":true,"href":"https:\/\/zonaroja.com.mx\/index.php?rest_route=%2Fwp%2Fv2%2Fcomments&post=86152"}],"version-history":[{"count":1,"href":"https:\/\/zonaroja.com.mx\/index.php?rest_route=\/wp\/v2\/posts\/86152\/revisions"}],"predecessor-version":[{"id":86153,"href":"https:\/\/zonaroja.com.mx\/index.php?rest_route=\/wp\/v2\/posts\/86152\/revisions\/86153"}],"wp:featuredmedia":[{"embeddable":true,"href":"https:\/\/zonaroja.com.mx\/index.php?rest_route=\/wp\/v2\/media\/69343"}],"wp:attachment":[{"href":"https:\/\/zonaroja.com.mx\/index.php?rest_route=%2Fwp%2Fv2%2Fmedia&parent=86152"}],"wp:term":[{"taxonomy":"category","embeddable":true,"href":"https:\/\/zonaroja.com.mx\/index.php?rest_route=%2Fwp%2Fv2%2Fcategories&post=86152"},{"taxonomy":"post_tag","embeddable":true,"href":"https:\/\/zonaroja.com.mx\/index.php?rest_route=%2Fwp%2Fv2%2Ftags&post=86152"}],"curies":[{"name":"wp","href":"https:\/\/api.w.org\/{rel}","templated":true}]}}