{"id":86158,"date":"2025-10-24T19:12:54","date_gmt":"2025-10-25T01:12:54","guid":{"rendered":"https:\/\/zonaroja.com.mx\/?p=86158"},"modified":"2025-10-24T19:12:56","modified_gmt":"2025-10-25T01:12:56","slug":"opinion-la-devocion-del-senor-del-rayo-de-la-historia-y-etnografia-oaxaquenas-a-la-agricultura","status":"publish","type":"post","link":"https:\/\/zonaroja.com.mx\/?p=86158","title":{"rendered":"Opini\u00f3n. La devoci\u00f3n del Se\u00f1or del Rayo: de la historia y etnograf\u00eda oaxaque\u00f1as a la agricultura"},"content":{"rendered":"\n<p>Dulce Hemilse Hern\u00e1ndez Mat\u00edas<\/p>\n\n\n\n<p>El festival del Se\u00f1or del Rayo, celebrado en la Catedral de Nuestra Se\u00f1ora de la Asunci\u00f3n en Oaxaca, se erige como una instituci\u00f3n que trasciende la mera expresi\u00f3n de fe.&nbsp;<\/p>\n\n\n\n<p>Esta celebraci\u00f3n no solo est\u00e1 arraigada en la espiritualidad de sus participantes, sino tambi\u00e9n en pr\u00e1cticas agr\u00edcolas y fen\u00f3menos naturales que han moldeado la existencia de los nativos en la regi\u00f3n.<\/p>\n\n\n\n<p>El culto al Se\u00f1or del Rayo tiene sus inicios en 1540, cuando se promulg\u00f3 la adoraci\u00f3n de un \u00edcono particular de Cristo cercano a Oaxaca. Este hito marc\u00f3 una intersecci\u00f3n significativa entre las creencias prehisp\u00e1nicas y la incipiente religi\u00f3n cristiana.&nbsp;<\/p>\n\n\n\n<p>Juan Y\u00e1\u00f1ez sugiere que este fen\u00f3meno podr\u00eda considerarse como \u00abun tipo de documento elocuente\u00bb, un registro hist\u00f3rico que respalda un futuro ideal y deseado al tiempo que destaca un desplazamiento geogr\u00e1fico.<\/p>\n\n\n\n<p>La representaci\u00f3n del Se\u00f1or del Rayo, un Cristo crucificado venerado en Oaxaca, simboliza no solo una comunidad religiosa, sino tambi\u00e9n una rica cultura, historia y teolog\u00eda.&nbsp;<\/p>\n\n\n\n<p>Esta evoluci\u00f3n ha sido notable desde el Concilio Vaticano II, que promovi\u00f3 una<\/p>\n\n\n\n<p>transformaci\u00f3n en la misi\u00f3n y liturgia de la Iglesia, acerc\u00e1ndose a la diversidad cultural de Am\u00e9rica Latina.<\/p>\n\n\n\n<p>La llegada de los Cristos a Latinoam\u00e9rica, especialmente a la Nueva Espa\u00f1a, tiene sus ra\u00edces en la conquista. Los espa\u00f1oles no solo trajeron la fe cristiana, sino tambi\u00e9n una concepci\u00f3n de divinidad que impact\u00f3 la re-definici\u00f3n de lo sagrado.&nbsp;<\/p>\n\n\n\n<p>Historiadores como Gustavo Guti\u00e9rrez destacan que este proceso fue sincr\u00e9tico, enfatizando el \u201cencuentro entre dos mundos\u00bb, lo que permiti\u00f3 que la figura de Cristo europea se mezclara con las expresiones ind\u00edgenas.<\/p>\n\n\n\n<p>La cruz de Cristo emergi\u00f3 como un \u00edcono de liberaci\u00f3n para muchas comunidades oprimidas, un legado que se hizo evidente tras el Concilio Vaticano II.&nbsp;<\/p>\n\n\n\n<p>Durante este tiempo, se desenvolvi\u00f3 un \u00e9nfasis cristol\u00f3gico entre los te\u00f3logos latinoamericanos, promoviendo una contextualizaci\u00f3n del Evangelio que resonaba con el sufrimiento de los pobres y oprimidos.&nbsp;<\/p>\n\n\n\n<p>El te\u00f3logo Leonardo Boff subraya que Jes\u00fas de Nazaret, en su marginaci\u00f3n, se convierte en un s\u00edmbolo de solidaridad con los excluidos.<\/p>\n\n\n\n<p>En Oaxaca, la devoci\u00f3n hacia el Se\u00f1or del Rayo ha evolucionado, incorporando elementos culturales locales.&nbsp;<\/p>\n\n\n\n<p>Esta imagen no solo representa el sufrimiento, sino tambi\u00e9n un legado hist\u00f3rico compartido en la lucha contra la opresi\u00f3n. A pesar de los cambios, el culto sigue siendo una afirmaci\u00f3n de resistencia y vida, entrelazando la fe con el contexto sociopol\u00edtico.<\/p>\n\n\n\n<p>El festival del Se\u00f1or del Rayo, que se celebra el 23 de octubre, es un evento significativo que trasciende la simple religi\u00f3n. Se convierte en un momento de unidad y pertenencia, atrayendo miles de peregrinos y generando un ambiente cargado de rituales, m\u00fasica y danza.&nbsp;<\/p>\n\n\n\n<p>Este evento no solo sigue una tradici\u00f3n, sino que tambi\u00e9n se inserta en un contexto social de resistencia.<\/p>\n\n\n\n<p>Los v\u00ednculos entre la veneraci\u00f3n del Dios del Trueno, Cosijo, y la agricultura son<\/p>\n\n\n\n<p>indisolubles. En Oaxaca, donde la agricultura depende de las lluvias, la conexi\u00f3n entre el rayo y la fertilidad es fundamental.&nbsp;<\/p>\n\n\n\n<p>Los habitantes oran por cosechas abundantes, especialmente en octubre, marcando su relevancia cultural y agr\u00edcola.<\/p>\n\n\n\n<p>La relaci\u00f3n entre tradici\u00f3n ind\u00edgena y el cristianismo ha resultado en un sincretismo significativo, donde el festival no es solo un acto de fe, sino tambi\u00e9n una celebraci\u00f3n de la identidad cultural.&nbsp;<\/p>\n\n\n\n<p>A medida que la comunidad honra al Se\u00f1or del Rayo, se reafirma su historia y su lucha contra la adversidad, consolidando un legado que ha perdurado a lo<\/p>\n\n\n\n<p>largo del tiempo.<\/p>\n\n\n\n<p>El culto al Se\u00f1or del Rayo se sit\u00faa en un cruce de caminos entre historia, agricultura y espiritualidad.&nbsp;<\/p>\n\n\n\n<p>Este festival, lejos de ser una mera observancia religiosa, se manifiesta<\/p>\n\n\n\n<p>como un acto de resistencia y unidad en la identidad oaxaque\u00f1a. La interacci\u00f3n constante entre tradici\u00f3n e innovaci\u00f3n, as\u00ed como la reinterpretaci\u00f3n de la figura de Cristo, subrayan la necesidad de una fe contextualizada que refleje las realidades culturales y sociales de la regi\u00f3n.&nbsp;<\/p>\n\n\n\n<p>As\u00ed, el cristianismo en Oaxaca se erige como un espacio de esperanza y<\/p>\n\n\n\n<p>resistencia, reafirmando la importancia del patrimonio cultural en la vida contempor\u00e1nea.<\/p>\n\n\n\n<p>Referencias:<\/p>\n\n\n\n<p>Alcina, L. (1993). \u201cLa celebraci\u00f3n del Zaha y su contexto agr\u00edcola\u201d.<\/p>\n\n\n\n<p>B\u00e1ez, F. (2025). \u201cLa religiosidad popular en Oaxaca: entre lo ind\u00edgena y lo cristiano\u201d.<\/p>\n\n\n\n<p>Bartolom\u00e9, M. (2025). \u201cHistorias de fe: la devoci\u00f3n en Oaxaca\u201d.<\/p>\n\n\n\n<p>Broda, J. (2025). \u201cRituales y paisajes: el culto agr\u00edcola mesoamericano\u201d.<\/p>\n\n\n\n<p>Y\u00e1\u00f1ez, J. (2025). \u201cEl Se\u00f1or del Rayo: historia y significado de una devoci\u00f3n\u201d.<\/p>\n\n\n\n<p>Boff, L. (1990). \u201cJes\u00fas: Una tentativa de cristolog\u00eda\u201d.<\/p>\n\n\n\n<p>Guti\u00e9rrez, G. (1988). \u201cTeolog\u00eda de la liberaci\u00f3n\u201d.<\/p>\n\n\n\n<p>Ruiz, J.-P. (2011). \u201cLa cristolog\u00eda de la liberaci\u00f3n en Am\u00e9rica Latina.<\/p>\n\n\n\n<p>Semblanza\u201d.<\/p>\n","protected":false},"excerpt":{"rendered":"<p>Dulce Hemilse Hern\u00e1ndez Mat\u00edas El festival del Se\u00f1or del Rayo, celebrado en la Catedral de&hellip;<\/p>\n","protected":false},"author":2,"featured_media":86159,"comment_status":"closed","ping_status":"open","sticky":false,"template":"","format":"standard","meta":{"_lmt_disableupdate":"","_lmt_disable":"","_jetpack_memberships_contains_paid_content":false,"footnotes":""},"categories":[456,109],"tags":[],"class_list":["post-86158","post","type-post","status-publish","format-standard","has-post-thumbnail","hentry","category-columna","category-minuto-a-minuto"],"jetpack_featured_media_url":"https:\/\/zonaroja.com.mx\/wp-content\/uploads\/2025\/10\/Senor-del-Rayo.jpg","jetpack_sharing_enabled":true,"_links":{"self":[{"href":"https:\/\/zonaroja.com.mx\/index.php?rest_route=\/wp\/v2\/posts\/86158","targetHints":{"allow":["GET"]}}],"collection":[{"href":"https:\/\/zonaroja.com.mx\/index.php?rest_route=\/wp\/v2\/posts"}],"about":[{"href":"https:\/\/zonaroja.com.mx\/index.php?rest_route=\/wp\/v2\/types\/post"}],"author":[{"embeddable":true,"href":"https:\/\/zonaroja.com.mx\/index.php?rest_route=\/wp\/v2\/users\/2"}],"replies":[{"embeddable":true,"href":"https:\/\/zonaroja.com.mx\/index.php?rest_route=%2Fwp%2Fv2%2Fcomments&post=86158"}],"version-history":[{"count":1,"href":"https:\/\/zonaroja.com.mx\/index.php?rest_route=\/wp\/v2\/posts\/86158\/revisions"}],"predecessor-version":[{"id":86160,"href":"https:\/\/zonaroja.com.mx\/index.php?rest_route=\/wp\/v2\/posts\/86158\/revisions\/86160"}],"wp:featuredmedia":[{"embeddable":true,"href":"https:\/\/zonaroja.com.mx\/index.php?rest_route=\/wp\/v2\/media\/86159"}],"wp:attachment":[{"href":"https:\/\/zonaroja.com.mx\/index.php?rest_route=%2Fwp%2Fv2%2Fmedia&parent=86158"}],"wp:term":[{"taxonomy":"category","embeddable":true,"href":"https:\/\/zonaroja.com.mx\/index.php?rest_route=%2Fwp%2Fv2%2Fcategories&post=86158"},{"taxonomy":"post_tag","embeddable":true,"href":"https:\/\/zonaroja.com.mx\/index.php?rest_route=%2Fwp%2Fv2%2Ftags&post=86158"}],"curies":[{"name":"wp","href":"https:\/\/api.w.org\/{rel}","templated":true}]}}