{"id":86161,"date":"2025-10-24T20:50:30","date_gmt":"2025-10-25T02:50:30","guid":{"rendered":"https:\/\/zonaroja.com.mx\/?p=86161"},"modified":"2025-10-24T20:50:33","modified_gmt":"2025-10-25T02:50:33","slug":"tepito-violento-tres-asesinados-y-una-lesionada","status":"publish","type":"post","link":"https:\/\/zonaroja.com.mx\/?p=86161","title":{"rendered":"Tepito violento: tres asesinados y una lesionada"},"content":{"rendered":"\n<p>Redacci\u00f3n\/Zona Roja Cdmx.<\/p>\n\n\n\n<p>(Informaci\u00f3n de \u201cLa Jornada\u201d)<\/p>\n\n\n\n<p>Ciudad de M\u00e9xico, a 24 de octubre de 2025.- Una balacera en calles de la colonia Morelos dej\u00f3 como saldo tres personas muertas y una m\u00e1s lesionada. Una de las v\u00edctimas mortales era un transe\u00fante, quien se encontraba comprando en la zona.<\/p>\n\n\n\n<p>Los hechos ocurrieron el Eje 1 Norte cuando un sujeto atac\u00f3 a dos personas de manera directa; uno de ellos perdi\u00f3 la vida en el lugar, mientras que el segundo, fue trasladado a un hospital en donde se report\u00f3 su deceso.<\/p>\n\n\n\n<p>Sin embargo, una bala perdida lesion\u00f3 a un se\u00f1or de 50 a\u00f1os, quien tambi\u00e9n perdi\u00f3 la vida. En tanto,&nbsp; una mujer que tambi\u00e9n pasaba en el sitio, result\u00f3 lesionada por lo que fue llevada por sus familiares a un hospital donde la diagnosticaron con lesi\u00f3n de bala en la rodilla.&nbsp;<\/p>\n\n\n\n<p>De acuerdo con los primeros reportes, un sujeto arrib\u00f3 al lugar y realiz\u00f3 las detonaciones de manera directa en contra de dos hombres; sin embargo un oficial que se percat\u00f3 de lo ocurrido realiz\u00f3 la persecuci\u00f3n del probable responsable que corri\u00f3 a una vecindad en la calle Tenochtitl\u00e1n donde, al verse acorralado apunt\u00f3 y dispar\u00f3 en su contra por lo que al ver en riesgo su vida repeli\u00f3 la agresi\u00f3n.&nbsp;<\/p>\n\n\n\n<p>El sujeto sigui\u00f3 corriendo y subi\u00f3 a una motocicleta en la que continu\u00f3 con su fuga, por lo que se realiza la b\u00fasqueda a trav\u00e9s de las c\u00e1maras de videovigilancia en la zona y en los hospitales cercanos.<\/p>\n","protected":false},"excerpt":{"rendered":"<p>Redacci\u00f3n\/Zona Roja Cdmx. (Informaci\u00f3n de \u201cLa Jornada\u201d) Ciudad de M\u00e9xico, a 24 de octubre de&hellip;<\/p>\n","protected":false},"author":2,"featured_media":86162,"comment_status":"closed","ping_status":"open","sticky":false,"template":"","format":"standard","meta":{"_lmt_disableupdate":"","_lmt_disable":"","_jetpack_memberships_contains_paid_content":false,"footnotes":""},"categories":[109,51],"tags":[],"class_list":["post-86161","post","type-post","status-publish","format-standard","has-post-thumbnail","hentry","category-minuto-a-minuto","category-zona-roja"],"jetpack_featured_media_url":"https:\/\/zonaroja.com.mx\/wp-content\/uploads\/2025\/10\/Balacera-Tepito.jpg","jetpack_sharing_enabled":true,"_links":{"self":[{"href":"https:\/\/zonaroja.com.mx\/index.php?rest_route=\/wp\/v2\/posts\/86161","targetHints":{"allow":["GET"]}}],"collection":[{"href":"https:\/\/zonaroja.com.mx\/index.php?rest_route=\/wp\/v2\/posts"}],"about":[{"href":"https:\/\/zonaroja.com.mx\/index.php?rest_route=\/wp\/v2\/types\/post"}],"author":[{"embeddable":true,"href":"https:\/\/zonaroja.com.mx\/index.php?rest_route=\/wp\/v2\/users\/2"}],"replies":[{"embeddable":true,"href":"https:\/\/zonaroja.com.mx\/index.php?rest_route=%2Fwp%2Fv2%2Fcomments&post=86161"}],"version-history":[{"count":1,"href":"https:\/\/zonaroja.com.mx\/index.php?rest_route=\/wp\/v2\/posts\/86161\/revisions"}],"predecessor-version":[{"id":86163,"href":"https:\/\/zonaroja.com.mx\/index.php?rest_route=\/wp\/v2\/posts\/86161\/revisions\/86163"}],"wp:featuredmedia":[{"embeddable":true,"href":"https:\/\/zonaroja.com.mx\/index.php?rest_route=\/wp\/v2\/media\/86162"}],"wp:attachment":[{"href":"https:\/\/zonaroja.com.mx\/index.php?rest_route=%2Fwp%2Fv2%2Fmedia&parent=86161"}],"wp:term":[{"taxonomy":"category","embeddable":true,"href":"https:\/\/zonaroja.com.mx\/index.php?rest_route=%2Fwp%2Fv2%2Fcategories&post=86161"},{"taxonomy":"post_tag","embeddable":true,"href":"https:\/\/zonaroja.com.mx\/index.php?rest_route=%2Fwp%2Fv2%2Ftags&post=86161"}],"curies":[{"name":"wp","href":"https:\/\/api.w.org\/{rel}","templated":true}]}}