{"id":86164,"date":"2025-10-24T21:52:33","date_gmt":"2025-10-25T03:52:33","guid":{"rendered":"https:\/\/zonaroja.com.mx\/?p=86164"},"modified":"2025-10-24T22:00:39","modified_gmt":"2025-10-25T04:00:39","slug":"tras-casi-10-horas-sigue-reunion-de-seccion-22-con-gobiernos-estatal-y-federal","status":"publish","type":"post","link":"https:\/\/zonaroja.com.mx\/?p=86164","title":{"rendered":"Tras casi 10 horas, sigue reuni\u00f3n de Secci\u00f3n 22 con gobiernos estatal y federal"},"content":{"rendered":"\n<p>Lisbeth Mej\u00eda Reyes\/Zona Roja.<\/p>\n\n\n\n<p>Oaxaca, Oax., a 24 de octubre de 2025.- Luego del \u00faltimo paro de labores y protestas de sus agremiados, este viernes se reinstal\u00f3 en el estado de Oaxaca la mesa tripartita entre la Secci\u00f3n 22 y los gobiernos estatal y federal.&nbsp;<\/p>\n\n\n\n<p>La reuni\u00f3n contin\u00faa, luego de casi 10 horas, en el complejo de Ciudad Administrativa, en Tlalixtac de Cabrera, donde la gremial exige a las autoridades \u00abatender las demandas hist\u00f3ricas del magisterio\u00bb.&nbsp;<\/p>\n\n\n\n<p>Entre estas la eliminaci\u00f3n de la Ley del ISSSTE del 2007, por afectar sus derechos de jubilaci\u00f3n y pensi\u00f3n, as\u00ed como la abrogaci\u00f3n de la reforma educativa del 2015, a la cual ha calificado como una reforma laboral.<\/p>\n\n\n\n<p>Por la reuni\u00f3n, el 20 por ciento de los agremiados de la Secci\u00f3n 22 par\u00f3 labores este d\u00eda y sigue esta noche en los alrededores del complejo para respaldar al sindicato.<\/p>\n\n\n\n<p>Adem\u00e1s de la abrogaci\u00f3n de la Ley del ISSSTE 2007 y de la Reforma Educativa del 2015, la Secci\u00f3n 22 exige el cumplimiento a otras 11 demandas generales, incluidas las de la Coordinadora Nacional de Trabajadores de la Educaci\u00f3n (CNTE), de la que es parte.<\/p>\n\n\n\n<p>Por ejemplo, demanda la reinstalaci\u00f3n de las mesas tripartitas de todos los contingentes de la CNTE, el pago de uniformes pendientes y entrega de uniformes del ciclo escolar 2025\u20132026, la entrega de mobiliario y equipamiento tecnol\u00f3gico pendiente, el subsidio y condonaci\u00f3n de adeudos con la Comisi\u00f3n Federal de Electricidad (CFE) en escuelas p\u00fablicas y la operatividad del recurso de nuevas necesidades 2025\u20132026 (800 millones de pesos).<\/p>\n\n\n\n<p>Tambi\u00e9n pide la atenci\u00f3n de incidencias derivadas del decreto de 2015 (por el que el gobierno estatal de Oaxaca dej\u00f3 en manos de la federaci\u00f3n la responsabilidad de la educaci\u00f3n) y avances en la construcci\u00f3n del nuevo hospital del ISSSTE.<\/p>\n\n\n\n<p>Previamente, la Secci\u00f3n 22 dio a conocer alrededor de 70 exigencias espec\u00edficas de los diversos niveles educativos, escuelas, agremiados y jubilados. <\/p>\n\n\n\n<p>Por ejemplo, recategorizaci\u00f3n de supervisores y jefes de sector, contrataci\u00f3n inmediata de hijos de jubilados, contrataci\u00f3n de personal docente y administrativo para cubrir el d\u00e9ficit de mil 586 plazas y reconocimiento de la Direcci\u00f3n General de Pueblos Originarios ante el IEEPO.<\/p>\n\n\n\n<p>Fue minutos antes de las 13:00 cuando inici\u00f3 la mesa de trabajo, en la que participan la secretaria general de la Secci\u00f3n 22, Yenny Araceli P\u00e9rez Mart\u00ednez, as\u00ed como funcionarios federales: Rosa Icela Rodr\u00edguez Vel\u00e1zquez, secretaria de Gobernaci\u00f3n; Leticia Ram\u00edrez Amaya, delegada de Paz Social; Mario Delgado Carrillo, secretario de Educaci\u00f3n P\u00fablica, y Mart\u00ed Batres Guadarrama, director del Instituto de Seguridad y Servicios Sociales de los Trabajadores del Estado (ISSSTE).<\/p>\n\n\n\n<p>Del gobierno estatal se encuentran el gobernador, Salom\u00f3n Jara Cruz; el secretario de Gobierno, Jes\u00fas Romero L\u00f3pez; el director del Instituto Estatal de Educaci\u00f3n P\u00fablica de Oaxaca, Emilio Montero P\u00e9rez, y el oficial mayor del IEEPO, Abel Jes\u00fas Leyva Gandarillas.<\/p>\n\n\n\n<p>Esta mesa se realiza a la par de que el grupo de supervisores y jefes de sector de la Secci\u00f3n 22 cumpli\u00f3 este d\u00eda su cuarta semana de plant\u00f3n y protestas en la ciudad de Oaxaca.<\/p>\n\n\n\n<p>Tambi\u00e9n se da tras el paro de 48 horas del nivel de Pueblos Originarios, que el pasado 17 y 18 del mes se moviliz\u00f3 en la capital, y del paro de 24 horas del pasado viernes por parte de la Secci\u00f3n 22 en todo el estado.<\/p>\n\n\n\n<p>Posterior a esta mesa, el pr\u00f3ximo 27 de octubre las y los docentes del Nivel de Secundarias T\u00e9cnicas de la Secci\u00f3n 22 se manifestar\u00e1n frente al Palacio de Gobierno, en la ciudad de Oaxaca, para exigir al IEEPO el pago total por concepto de horas adeudo a este nivel.<\/p>\n","protected":false},"excerpt":{"rendered":"<p>Lisbeth Mej\u00eda Reyes\/Zona Roja. Oaxaca, Oax., a 24 de octubre de 2025.- Luego del \u00faltimo&hellip;<\/p>\n","protected":false},"author":2,"featured_media":86165,"comment_status":"closed","ping_status":"open","sticky":false,"template":"","format":"standard","meta":{"_lmt_disableupdate":"","_lmt_disable":"","_jetpack_memberships_contains_paid_content":false,"footnotes":""},"categories":[46,47],"tags":[939,312],"class_list":["post-86164","post","type-post","status-publish","format-standard","has-post-thumbnail","hentry","category-zona-blanca","category-zona-gris","tag-salomon-jara-cruz","tag-seccion-22-del-snte"],"jetpack_featured_media_url":"https:\/\/zonaroja.com.mx\/wp-content\/uploads\/2025\/10\/Reunion-Seccion-22-y-Salomon-Jara-y-funcionarios-federales.jpg","jetpack_sharing_enabled":true,"_links":{"self":[{"href":"https:\/\/zonaroja.com.mx\/index.php?rest_route=\/wp\/v2\/posts\/86164","targetHints":{"allow":["GET"]}}],"collection":[{"href":"https:\/\/zonaroja.com.mx\/index.php?rest_route=\/wp\/v2\/posts"}],"about":[{"href":"https:\/\/zonaroja.com.mx\/index.php?rest_route=\/wp\/v2\/types\/post"}],"author":[{"embeddable":true,"href":"https:\/\/zonaroja.com.mx\/index.php?rest_route=\/wp\/v2\/users\/2"}],"replies":[{"embeddable":true,"href":"https:\/\/zonaroja.com.mx\/index.php?rest_route=%2Fwp%2Fv2%2Fcomments&post=86164"}],"version-history":[{"count":2,"href":"https:\/\/zonaroja.com.mx\/index.php?rest_route=\/wp\/v2\/posts\/86164\/revisions"}],"predecessor-version":[{"id":86167,"href":"https:\/\/zonaroja.com.mx\/index.php?rest_route=\/wp\/v2\/posts\/86164\/revisions\/86167"}],"wp:featuredmedia":[{"embeddable":true,"href":"https:\/\/zonaroja.com.mx\/index.php?rest_route=\/wp\/v2\/media\/86165"}],"wp:attachment":[{"href":"https:\/\/zonaroja.com.mx\/index.php?rest_route=%2Fwp%2Fv2%2Fmedia&parent=86164"}],"wp:term":[{"taxonomy":"category","embeddable":true,"href":"https:\/\/zonaroja.com.mx\/index.php?rest_route=%2Fwp%2Fv2%2Fcategories&post=86164"},{"taxonomy":"post_tag","embeddable":true,"href":"https:\/\/zonaroja.com.mx\/index.php?rest_route=%2Fwp%2Fv2%2Ftags&post=86164"}],"curies":[{"name":"wp","href":"https:\/\/api.w.org\/{rel}","templated":true}]}}