{"id":86168,"date":"2025-10-25T07:45:00","date_gmt":"2025-10-25T13:45:00","guid":{"rendered":"https:\/\/zonaroja.com.mx\/?p=86168"},"modified":"2025-10-25T06:27:58","modified_gmt":"2025-10-25T12:27:58","slug":"reconoce-ray-chagoya-esfuerzo-y-compromiso-de-la-juventud-oaxaquena","status":"publish","type":"post","link":"https:\/\/zonaroja.com.mx\/?p=86168","title":{"rendered":"Reconoce Ray Chagoya esfuerzo y compromiso de la juventud oaxaque\u00f1a"},"content":{"rendered":"\n<p>Redacci\u00f3n\/Zona Roja.<\/p>\n\n\n\n<p>Oaxaca, Oax., a 25 de octubre de 2025.\u2013El presidente municipal de Oaxaca de Ju\u00e1rez, Ray Chagoya, acompa\u00f1\u00f3 la ceremonia de graduaci\u00f3n del Instituto Tecnol\u00f3gico de Oaxaca (ITO), donde 429 j\u00f3venes culminaron una importante etapa acad\u00e9mica y se preparan para iniciar su vida profesional con compromiso, entusiasmo y esperanza por el futuro de la capital.<\/p>\n\n\n\n<p>Durante su mensaje, el edil capitalino expres\u00f3 su orgullo por ser padrino de generaci\u00f3n y destac\u00f3 que cada egresado forma parte de una historia de \u00e9xito al culminar sus estudios de nivel superior, un logro que implica tambi\u00e9n una gran responsabilidad con la sociedad.<\/p>\n\n\n\n<p>\u201cOaxaca necesita de su talento, de su conocimiento, de su \u00e9tica y de su energ\u00eda para seguir la transformaci\u00f3n de esta capital en una Ciudad Limpia, Segura y Ordenada\u201d, se\u00f1al\u00f3 el presidente municipal.<\/p>\n\n\n\n<p>Ray Chagoya exhort\u00f3 a las y los graduados a poner en pr\u00e1ctica lo aprendido, a participar en la vida p\u00fablica y a contribuir al bienestar de sus comunidades desde su profesi\u00f3n y su vocaci\u00f3n de servicio. \u201cEl futuro no se espera: se construye\u201d, enfatiz\u00f3.<\/p>\n\n\n\n<p>Asimismo, invit\u00f3 a las y los estudiantes a participar el pr\u00f3ximo 29 de octubre en una charla abierta en el Instituto Tecnol\u00f3gico de Oaxaca, donde compartir\u00e1 las acciones y proyectos que impulsa el Gobierno Municipal de Oaxaca de Ju\u00e1rez.<\/p>\n\n\n\n<p>Concluy\u00f3 felicitando a esta generaci\u00f3n que, dijo, representa \u201cun verdadero ej\u00e9rcito para el bien de Oaxaca de Ju\u00e1rez\u201d, capaz de transformar su conocimiento en acci\u00f3n y de convertir sus sue\u00f1os en motores de desarrollo para la capital y el estado.<\/p>\n\n\n\n<figure class=\"wp-block-embed is-type-rich is-provider-twitter wp-block-embed-twitter\"><div class=\"wp-block-embed__wrapper\">\n<div class=\"twitter-tweet\"><blockquote class=\"twitter-tweet\" data-lang=\"es\"><p lang=\"es\" dir=\"ltr\">J\u00f3venes que inspiran y transforman \ud83c\udf1f<br><br>Cada generaci\u00f3n de j\u00f3venes que se prepara con pasi\u00f3n, disciplina y sue\u00f1os claros nos recuerda que el futuro de Oaxaca est\u00e1 en buenas manos. Son ellos quienes con su talento y energ\u00eda seguir\u00e1n construyendo una ciudad m\u00e1s justa, innovadora y\u2026 <a href=\"https:\/\/t.co\/xocAylwweV\">pic.twitter.com\/xocAylwweV<\/a><\/p>&mdash; Ray Chagoya (@raychagoya) <a href=\"https:\/\/twitter.com\/raychagoya\/status\/1981802988814709135?ref_src=twsrc%5Etfw\">24 de octubre de 2025<\/a><\/blockquote><\/div>\n<\/div><\/figure>\n","protected":false},"excerpt":{"rendered":"<p>Redacci\u00f3n\/Zona Roja. Oaxaca, Oax., a 25 de octubre de 2025.\u2013El presidente municipal de Oaxaca de&hellip;<\/p>\n","protected":false},"author":2,"featured_media":86169,"comment_status":"closed","ping_status":"open","sticky":false,"template":"","format":"standard","meta":{"_lmt_disableupdate":"","_lmt_disable":"","_jetpack_memberships_contains_paid_content":false,"footnotes":""},"categories":[109,46],"tags":[4403],"class_list":["post-86168","post","type-post","status-publish","format-standard","has-post-thumbnail","hentry","category-minuto-a-minuto","category-zona-blanca","tag-ray-chagoya"],"jetpack_featured_media_url":"https:\/\/zonaroja.com.mx\/wp-content\/uploads\/2025\/10\/Ray-Chagoya-graduacion-ITO.jpeg","jetpack_sharing_enabled":true,"_links":{"self":[{"href":"https:\/\/zonaroja.com.mx\/index.php?rest_route=\/wp\/v2\/posts\/86168","targetHints":{"allow":["GET"]}}],"collection":[{"href":"https:\/\/zonaroja.com.mx\/index.php?rest_route=\/wp\/v2\/posts"}],"about":[{"href":"https:\/\/zonaroja.com.mx\/index.php?rest_route=\/wp\/v2\/types\/post"}],"author":[{"embeddable":true,"href":"https:\/\/zonaroja.com.mx\/index.php?rest_route=\/wp\/v2\/users\/2"}],"replies":[{"embeddable":true,"href":"https:\/\/zonaroja.com.mx\/index.php?rest_route=%2Fwp%2Fv2%2Fcomments&post=86168"}],"version-history":[{"count":1,"href":"https:\/\/zonaroja.com.mx\/index.php?rest_route=\/wp\/v2\/posts\/86168\/revisions"}],"predecessor-version":[{"id":86170,"href":"https:\/\/zonaroja.com.mx\/index.php?rest_route=\/wp\/v2\/posts\/86168\/revisions\/86170"}],"wp:featuredmedia":[{"embeddable":true,"href":"https:\/\/zonaroja.com.mx\/index.php?rest_route=\/wp\/v2\/media\/86169"}],"wp:attachment":[{"href":"https:\/\/zonaroja.com.mx\/index.php?rest_route=%2Fwp%2Fv2%2Fmedia&parent=86168"}],"wp:term":[{"taxonomy":"category","embeddable":true,"href":"https:\/\/zonaroja.com.mx\/index.php?rest_route=%2Fwp%2Fv2%2Fcategories&post=86168"},{"taxonomy":"post_tag","embeddable":true,"href":"https:\/\/zonaroja.com.mx\/index.php?rest_route=%2Fwp%2Fv2%2Ftags&post=86168"}],"curies":[{"name":"wp","href":"https:\/\/api.w.org\/{rel}","templated":true}]}}