{"id":86171,"date":"2025-10-25T08:23:00","date_gmt":"2025-10-25T14:23:00","guid":{"rendered":"https:\/\/zonaroja.com.mx\/?p=86171"},"modified":"2025-10-25T07:25:20","modified_gmt":"2025-10-25T13:25:20","slug":"por-cerrazon-de-la-sep-y-del-ieepo-rompe-dialogo-la-seccion-22","status":"publish","type":"post","link":"https:\/\/zonaroja.com.mx\/?p=86171","title":{"rendered":"Por cerraz\u00f3n de la SEP y del IEEPO, rompe di\u00e1logo la Secci\u00f3n 22\u00a0"},"content":{"rendered":"\n<p>Ismael Garc\u00eda M.\/Zona Roja.<\/p>\n\n\n\n<p>Oaxaca, Oax., a 25 de octubre de 2025.- \u201cVamos a convocar a una Asamblea Estatal para seguir en la acci\u00f3n pol\u00edtica para que este gobierno tenga muy claro que la Secci\u00f3n 22 est\u00e1 vigente y que va a salir a las calles, y que hay eventos pol\u00edticos que se acercan y si este gobierno federal y estatal no dan soluci\u00f3n, este movimiento sabr\u00e1 hacer lo propio\u201d.<\/p>\n\n\n\n<p>Con esa consigna, la Comisi\u00f3n Pol\u00edtica del magisterio, encabezado por la secretaria General Yenny Aracely P\u00e9rez Mart\u00ednez, anunci\u00f3 un ultim\u00e1tum tras romper la mesa de di\u00e1logo casi a la media noche de ayer.<\/p>\n\n\n\n<p>La representaci\u00f3n gremial se levant\u00f3 de la reuni\u00f3n efectuada en la Ciudad Administrativa, municipio de Tlalixtac de Cabrera, al considerar que no hubo respuesta a pagos pendientes a docentes del nivel Secundarias T\u00e9cnicas, quienes protestar\u00e1n el pr\u00f3ximo lunes.<\/p>\n\n\n\n<p>El encuentro inici\u00f3 cerca de la una de la tarde y en la primera parte estuvo presente la secretaria de Gobernaci\u00f3n, Rosa Icela Rodr\u00edguez, as\u00ed como el Gobernador del Estado, Salom\u00f3n Jara Cruz, adem\u00e1s de titulares del ISSSTE, Mart\u00ed Batres, y de la SEP, Mario Delgado.<\/p>\n\n\n\n<p>\u201cCuando no hay voluntad por parte del gobierno estatal y federal tambi\u00e9n se hace lo correspondiente y se toman los acuerdos respectivos en nuestras asambleas.<\/p>\n\n\n\n<p>\u201cHoy hemos visto que, a pesar de que en esta mesa tardamos casi diez horas, desde que inici\u00f3 en dos momentos, y sobre todo con la presencia de funcionarios que consideramos de alto nivel, tambi\u00e9n vemos que en un tema de voluntad pol\u00edtica cuando se trata de justicia laboral para nuestros compa\u00f1eros, no hay una respuesta concreta\u201d, expuso P\u00e9rez Mart\u00ednez en los \u00faltimos minutos de ayer.<\/p>\n\n\n\n<p>En su mensaje a los docentes que se mantuvieron en \u201cplant\u00f3n\u201d afuera de Ciudad Administrativa, expuso que si bien la reuni\u00f3n fue de alto nivel, con la presencia de titulares de diversas dependencias, no hubo respuestas suficientes.<\/p>\n\n\n\n<p>\u201cSin embargo cuando llegamos al punto de las horas que se adeudan a los compa\u00f1eros de Secundarias T\u00e9cnicas, hubo una cerraz\u00f3n total del parte del gobierno federal a trav\u00e9s de la SEP y en particular del secretario Mario Delgado, y del IEEPO.<\/p>\n\n\n\n<figure class=\"wp-block-embed is-type-rich is-provider-twitter wp-block-embed-twitter\"><div class=\"wp-block-embed__wrapper\">\n<div class=\"twitter-tweet\"><blockquote class=\"twitter-tweet\" data-lang=\"es\"><p lang=\"es\" dir=\"ltr\">Casi a la media noche de ayer, la Secci\u00f3n 22 del SNTE rompi\u00f3 la mesa de di\u00e1logo con los gobiernos federal y estatal de Oaxaca, al acusar a la <a href=\"https:\/\/twitter.com\/SEP_mx?ref_src=twsrc%5Etfw\">@SEP_mx<\/a> y al <a href=\"https:\/\/twitter.com\/IEEPOGobOax?ref_src=twsrc%5Etfw\">@IEEPOGobOax<\/a> de no garantizar el pago de horas a docentes del nivel Secundarias T\u00e9cnicas. <br><br>En conferencia de prensa, la\u2026 <a href=\"https:\/\/t.co\/jPwFr2u0Zt\">pic.twitter.com\/jPwFr2u0Zt<\/a><\/p>&mdash; Zona Roja Oaxaca (@ZonaRoja_Oaxaca) <a href=\"https:\/\/twitter.com\/ZonaRoja_Oaxaca\/status\/1982072739683807409?ref_src=twsrc%5Etfw\">25 de octubre de 2025<\/a><\/blockquote><\/div>\n<\/div><\/figure>\n\n\n\n<p>\u201cHoy se jactan que el pago para las horas que se adeudan a los compa\u00f1eros, que hemos externado que es un acto de justicia laboral, que hoy no tienen los recursos, que ya no hay los recursos que en su momento se asign\u00f3 en el ciclo escolar anterior\u201d.<\/p>\n\n\n\n<p>Y en seguida lanz\u00f3 el emplazamiento:<\/p>\n\n\n\n<p>\u201cHemos dado el ultim\u00e1tum al gobierno federal y al gobierno estatal, que el lunes requerimos esa respuesta puntual. Que si el propio secretario de Educaci\u00f3n, Mario Delgado, no tiene la capacidad de solucionar este problema en Secundarias T\u00e9cnicas, tendr\u00e1 que ser entonces la propia Presidenta Claudia Sheinbaum quien d\u00e9 soluci\u00f3n a esta problem\u00e1tica, que no es de un a\u00f1o, son de varios a\u00f1os\u201d.<\/p>\n\n\n\n<p>La secretaria General de la Secci\u00f3n 22 expuso que en respaldo a ese nivel educativo se decidi\u00f3 levantarse de la mesa de di\u00e1logo y que se tomar\u00e1n nuevas determinaciones.<\/p>\n\n\n\n<p>\u201cEn la Asamblea Estatal tendremos que llegar a un plan de acci\u00f3n, ya hicimos un paro de 24 horas, tiene que ser tambi\u00e9n de inmediato el paro de 48 horas. Si no hay capacidad de soluci\u00f3n de parte de Mario Delgado y del IEEPO, quien debe dar soluci\u00f3n es la Presidenta Claudia Sheinbaum\u201d.<\/p>\n\n\n\n<p>Critic\u00f3 que en el discurso las autoridades estatales y federales digan que no hay demandas pendientes de resolver, lo cual calific\u00f3 como declaraciones irresponsables.<\/p>\n\n\n\n<p>\u201cLa movilizaci\u00f3n es la \u00fanica forma en que el gobierno puede resolver\u2026 Si no hay respuestas, nos vemos en las calles. Ma\u00f1ana tenemos nuestra Asamblea Estatal Representativa, llegan contingentes de la CNTE para definir el paro nacional\u201d, remarc\u00f3.<\/p>\n","protected":false},"excerpt":{"rendered":"<p>Ismael Garc\u00eda M.\/Zona Roja. Oaxaca, Oax., a 25 de octubre de 2025.- \u201cVamos a convocar&hellip;<\/p>\n","protected":false},"author":2,"featured_media":86172,"comment_status":"closed","ping_status":"open","sticky":false,"template":"","format":"standard","meta":{"_lmt_disableupdate":"","_lmt_disable":"","_jetpack_memberships_contains_paid_content":false,"footnotes":""},"categories":[109,47],"tags":[312],"class_list":["post-86171","post","type-post","status-publish","format-standard","has-post-thumbnail","hentry","category-minuto-a-minuto","category-zona-gris","tag-seccion-22-del-snte"],"jetpack_featured_media_url":"https:\/\/zonaroja.com.mx\/wp-content\/uploads\/2025\/10\/Planton-de-la-Seccion-22-Ciudad-Administrativa.jpg","jetpack_sharing_enabled":true,"_links":{"self":[{"href":"https:\/\/zonaroja.com.mx\/index.php?rest_route=\/wp\/v2\/posts\/86171","targetHints":{"allow":["GET"]}}],"collection":[{"href":"https:\/\/zonaroja.com.mx\/index.php?rest_route=\/wp\/v2\/posts"}],"about":[{"href":"https:\/\/zonaroja.com.mx\/index.php?rest_route=\/wp\/v2\/types\/post"}],"author":[{"embeddable":true,"href":"https:\/\/zonaroja.com.mx\/index.php?rest_route=\/wp\/v2\/users\/2"}],"replies":[{"embeddable":true,"href":"https:\/\/zonaroja.com.mx\/index.php?rest_route=%2Fwp%2Fv2%2Fcomments&post=86171"}],"version-history":[{"count":1,"href":"https:\/\/zonaroja.com.mx\/index.php?rest_route=\/wp\/v2\/posts\/86171\/revisions"}],"predecessor-version":[{"id":86173,"href":"https:\/\/zonaroja.com.mx\/index.php?rest_route=\/wp\/v2\/posts\/86171\/revisions\/86173"}],"wp:featuredmedia":[{"embeddable":true,"href":"https:\/\/zonaroja.com.mx\/index.php?rest_route=\/wp\/v2\/media\/86172"}],"wp:attachment":[{"href":"https:\/\/zonaroja.com.mx\/index.php?rest_route=%2Fwp%2Fv2%2Fmedia&parent=86171"}],"wp:term":[{"taxonomy":"category","embeddable":true,"href":"https:\/\/zonaroja.com.mx\/index.php?rest_route=%2Fwp%2Fv2%2Fcategories&post=86171"},{"taxonomy":"post_tag","embeddable":true,"href":"https:\/\/zonaroja.com.mx\/index.php?rest_route=%2Fwp%2Fv2%2Ftags&post=86171"}],"curies":[{"name":"wp","href":"https:\/\/api.w.org\/{rel}","templated":true}]}}