{"id":86179,"date":"2025-10-25T11:33:00","date_gmt":"2025-10-25T17:33:00","guid":{"rendered":"https:\/\/zonaroja.com.mx\/?p=86179"},"modified":"2025-10-25T07:36:55","modified_gmt":"2025-10-25T13:36:55","slug":"detienen-en-el-istmo-a-presunto-homicida-seria-del-grupo-del-comandante-cromo","status":"publish","type":"post","link":"https:\/\/zonaroja.com.mx\/?p=86179","title":{"rendered":"Detienen en el Istmo a presunto homicida; ser\u00eda del grupo del \u201cComandante Cromo\u201d"},"content":{"rendered":"\n<p>Redacci\u00f3n\/Zona Roja.&nbsp;<\/p>\n\n\n\n<p>Oaxaca, Oax., a 25 de octubre de 2025.- La Fiscal\u00eda General del Estado de Oaxaca (FGEO)&nbsp; dio cumplimiento a una orden de aprehensi\u00f3n en contra de un hombre identificado como J.J.O., alias \u00abEl Campanita\u00bb o \u00abChupeta\u00bb por el delito de homicidio calificado con ventaja en agravio de dos personas.<\/p>\n\n\n\n<p>El detenido es identificado como uno de los objetivos prioritarios de la regi\u00f3n por su probable involucramiento en la c\u00e9lula delictiva del \u00abComandante Cromo\u00bb que opera en una zona del Istmo de Tehuantepec.<\/p>\n\n\n\n<p>El mandato judicial fue ejecutado por elementos de la Agencia Estatal de Investigaciones (AEI) de la Vicefiscal\u00eda Regional del Istmo, derivado de hechos ocurridos el 27 de agosto de 2024, cuando dos personas identificadas como E.A.E. y J.L.A.E., fueron privadas de la vida por un grupo de hombres armados cuando se encontraba en una taquer\u00eda denominada \u00abLos Jarochos\u00bb, ubicada en prolongaci\u00f3n 16 de Septiembre de la colonia Felipe Pescador de Juchit\u00e1n de Zaragoza.<\/p>\n\n\n\n<p>Por estos hechos y tras tomar conocimiento del caso, la FGEO -a trav\u00e9s de la Vicefiscal\u00eda Regional del Istmo- inici\u00f3 una investigaci\u00f3n exhaustiva, recabando diferentes indicios como cartulinas con textos amenazantes adjudicados y firmados por una c\u00e9lula delictiva.<\/p>\n\n\n\n<p>Derivado de ello, se obtuvo una orden de aprehensi\u00f3n emitida por un Juez que se ejecut\u00f3 en contra de J.J.O., por el delito de homicidio calificado con ventaja; una vez detenido, fue puesto a disposici\u00f3n de la autoridad que lo requiri\u00f3 para determinar su situaci\u00f3n jur\u00eddica legal.<\/p>\n\n\n\n<p>OTRO HOMICIDA<\/p>\n\n\n\n<p>En otro caso, la Fiscal\u00eda General del Estado obtuvo auto de vinculaci\u00f3n a proceso y prisi\u00f3n preventiva justificada en contra de una persona del sexo masculino identificada como J.A.J.G., por el delito de homicidio calificado en agravio de M.R.A., cometido en la regi\u00f3n de la Costa.<\/p>\n\n\n\n<p>De acuerdo con lo asentado en el expediente penal, los hechos ocurrieron el 22 de marzo de 2023, cuando la v\u00edctima se encontraba en su domicilio ubicado en inmediaciones de Santa Mar\u00eda Huatulco, hasta donde lleg\u00f3 el imputado, quien lo agredi\u00f3 verbalmente y posteriormente le dispar\u00f3 con un arma de fuego, provoc\u00e1ndole lesiones que le causaron la muerte.<\/p>\n\n\n\n<p>Derivado de estos hechos, la Fiscal\u00eda de Oaxaca, a trav\u00e9s de la Vicefiscal\u00eda Regional de la Costa, realiz\u00f3 trabajos de investigaci\u00f3n e inteligencia criminal que permitieron obtener una orden de aprehensi\u00f3n, la cual fue ejecutada por elementos de la Agencia Estatal de Investigaciones (AEI) de manera efectiva para lograr la detenci\u00f3n de J.A.J.G.<\/p>\n\n\n\n<p>Tras analizar los datos de prueba presentados por la FGEO, el Juez de Control determin\u00f3 vincular a proceso al imputado, imponiendo la medida cautelar de prisi\u00f3n preventiva justificada y un plazo de tres meses para el cierre de la investigaci\u00f3n complementaria.<\/p>\n","protected":false},"excerpt":{"rendered":"<p>Redacci\u00f3n\/Zona Roja.&nbsp; Oaxaca, Oax., a 25 de octubre de 2025.- La Fiscal\u00eda General del Estado&hellip;<\/p>\n","protected":false},"author":2,"featured_media":86180,"comment_status":"closed","ping_status":"open","sticky":false,"template":"","format":"standard","meta":{"_lmt_disableupdate":"","_lmt_disable":"","_jetpack_memberships_contains_paid_content":false,"footnotes":""},"categories":[109,46],"tags":[494],"class_list":["post-86179","post","type-post","status-publish","format-standard","has-post-thumbnail","hentry","category-minuto-a-minuto","category-zona-blanca","tag-fiscalia-general-del-estado-de-oaxaca"],"jetpack_featured_media_url":"https:\/\/zonaroja.com.mx\/wp-content\/uploads\/2025\/10\/Detenido-por-homicidio-Istmo.jpeg","jetpack_sharing_enabled":true,"_links":{"self":[{"href":"https:\/\/zonaroja.com.mx\/index.php?rest_route=\/wp\/v2\/posts\/86179","targetHints":{"allow":["GET"]}}],"collection":[{"href":"https:\/\/zonaroja.com.mx\/index.php?rest_route=\/wp\/v2\/posts"}],"about":[{"href":"https:\/\/zonaroja.com.mx\/index.php?rest_route=\/wp\/v2\/types\/post"}],"author":[{"embeddable":true,"href":"https:\/\/zonaroja.com.mx\/index.php?rest_route=\/wp\/v2\/users\/2"}],"replies":[{"embeddable":true,"href":"https:\/\/zonaroja.com.mx\/index.php?rest_route=%2Fwp%2Fv2%2Fcomments&post=86179"}],"version-history":[{"count":1,"href":"https:\/\/zonaroja.com.mx\/index.php?rest_route=\/wp\/v2\/posts\/86179\/revisions"}],"predecessor-version":[{"id":86181,"href":"https:\/\/zonaroja.com.mx\/index.php?rest_route=\/wp\/v2\/posts\/86179\/revisions\/86181"}],"wp:featuredmedia":[{"embeddable":true,"href":"https:\/\/zonaroja.com.mx\/index.php?rest_route=\/wp\/v2\/media\/86180"}],"wp:attachment":[{"href":"https:\/\/zonaroja.com.mx\/index.php?rest_route=%2Fwp%2Fv2%2Fmedia&parent=86179"}],"wp:term":[{"taxonomy":"category","embeddable":true,"href":"https:\/\/zonaroja.com.mx\/index.php?rest_route=%2Fwp%2Fv2%2Fcategories&post=86179"},{"taxonomy":"post_tag","embeddable":true,"href":"https:\/\/zonaroja.com.mx\/index.php?rest_route=%2Fwp%2Fv2%2Ftags&post=86179"}],"curies":[{"name":"wp","href":"https:\/\/api.w.org\/{rel}","templated":true}]}}