{"id":86184,"date":"2025-10-25T13:42:00","date_gmt":"2025-10-25T19:42:00","guid":{"rendered":"https:\/\/zonaroja.com.mx\/?p=86184"},"modified":"2025-10-25T07:43:41","modified_gmt":"2025-10-25T13:43:41","slug":"presentan-actividades-de-la-fiesta-mas-viva-de-todas-en-valles-y-costa","status":"publish","type":"post","link":"https:\/\/zonaroja.com.mx\/?p=86184","title":{"rendered":"Presentan actividades de la \u201cFiesta M\u00e1s Viva de Todas\u201d en Valles y Costa"},"content":{"rendered":"\n<p>Redacci\u00f3n\/Zona Roja.<\/p>\n\n\n\n<p>Oaxaca, Oax., a 25 de octubre de 2025.- El Gobierno del Estado, a trav\u00e9s de la Secretar\u00eda de Turismo (Sectur Oaxaca), dio a conocer que, para \u201cLa Fiesta m\u00e1s Viva de Todas\u201d se realizar\u00e1n diversas actividades en varios municipios de los Valles Centrales y la Costa.<\/p>\n\n\n\n<p>La subsecretaria de Operaci\u00f3n Tur\u00edstica, Mariel L\u00f3pez Villatoro, en representaci\u00f3n de la secretaria de Turismo, Saymi Pineda Velasco destac\u00f3 que esta es una de las festividades m\u00e1s importantes de la entidad y se celebra con muerteadas, comparsas, muestras gastron\u00f3micas y artesanales.<\/p>\n\n\n\n<p>En Soledad Etla, del 25 de octubre al 8 de noviembre, habr\u00e1 diversas presentaciones, concursos y talleres; donde tambi\u00e9n destacan las muerteadas: El Imponente Barrio de Abajo, El Majestuoso Barrio de Arriba y &nbsp;Los Reyes Matadamas.<\/p>\n\n\n\n<p>En el barrio de Cinco Se\u00f1ores en Oaxaca de Ju\u00e1rez, el 30 de octubre se celebrar\u00e1 la Comparsa Catrinas 2025 a las 21:00 horas, y el 1 de noviembre, la Tradicional Comparsa Cinco Se\u00f1ores, a partir de las 19:00 horas.&nbsp;<\/p>\n\n\n\n<p>En San Agust\u00edn Etla, el 1 de noviembre se presentar\u00e1 la banda \u201cLa Universal, la de los Carnales\u201d en el Barrio de San Jos\u00e9, a partir de las 20:00 horas.<\/p>\n\n\n\n<p>Asimismo, los d\u00edas 1 y 2 de noviembre, en Guadalupe Etla tendr\u00e1 lugar El Padre de las Muerteadas; y en Santiaguito Etla, Los Hijos de la Muerteada, a partir de las 17:00 horas.<\/p>\n\n\n\n<p>El 2 de noviembre, nuevamente en el Barrio de Cinco Se\u00f1ores se efectuar\u00e1 la Comparsa de Muertos Infantil 2025, saliendo frente al mural en la calle Prolongaci\u00f3n de la Noria a las 17:00 horas y el 16 de noviembre, la Octava Comparsa de Muertos Femenil y de Diversidad, desde el mismo punto a las 20:00 horas.<\/p>\n\n\n\n<p>Tambi\u00e9n habr\u00e1 actividades en San Jer\u00f3nimo Yahuiche de Santa Mar\u00eda Atzompa, Santiago Suchilquitongo, San Andr\u00e9s Zautla, San Felipe Tejal\u00e1pam, San Lorenzo Cacaotepec, Villa de Etla y su comunidad Santo Domingo Barrio Alto, Soledad Etla, Tlacolula de Matamoros y San Antonio Arrazola en Santa Cruz Xoxocotl\u00e1n.<\/p>\n\n\n\n<p>As\u00ed como en Villa de Zaachila, San Antonino Castillo Velasco, Puerto Escondido en San Pedro Mixtepec, R\u00edo Grande en Villa de Tututepec de Melchor Ocampo y Santa Mar\u00eda Huatulco.<\/p>\n","protected":false},"excerpt":{"rendered":"<p>Redacci\u00f3n\/Zona Roja. Oaxaca, Oax., a 25 de octubre de 2025.- El Gobierno del Estado, a&hellip;<\/p>\n","protected":false},"author":2,"featured_media":86185,"comment_status":"closed","ping_status":"open","sticky":false,"template":"","format":"standard","meta":{"_lmt_disableupdate":"","_lmt_disable":"","_jetpack_memberships_contains_paid_content":false,"footnotes":""},"categories":[109,46],"tags":[1031],"class_list":["post-86184","post","type-post","status-publish","format-standard","has-post-thumbnail","hentry","category-minuto-a-minuto","category-zona-blanca","tag-secretaria-de-turismo-oaxaca"],"jetpack_featured_media_url":"https:\/\/zonaroja.com.mx\/wp-content\/uploads\/2025\/10\/Zocalo-kiosco-dia-de-muertos-Oaxaca.jpg","jetpack_sharing_enabled":true,"_links":{"self":[{"href":"https:\/\/zonaroja.com.mx\/index.php?rest_route=\/wp\/v2\/posts\/86184","targetHints":{"allow":["GET"]}}],"collection":[{"href":"https:\/\/zonaroja.com.mx\/index.php?rest_route=\/wp\/v2\/posts"}],"about":[{"href":"https:\/\/zonaroja.com.mx\/index.php?rest_route=\/wp\/v2\/types\/post"}],"author":[{"embeddable":true,"href":"https:\/\/zonaroja.com.mx\/index.php?rest_route=\/wp\/v2\/users\/2"}],"replies":[{"embeddable":true,"href":"https:\/\/zonaroja.com.mx\/index.php?rest_route=%2Fwp%2Fv2%2Fcomments&post=86184"}],"version-history":[{"count":1,"href":"https:\/\/zonaroja.com.mx\/index.php?rest_route=\/wp\/v2\/posts\/86184\/revisions"}],"predecessor-version":[{"id":86186,"href":"https:\/\/zonaroja.com.mx\/index.php?rest_route=\/wp\/v2\/posts\/86184\/revisions\/86186"}],"wp:featuredmedia":[{"embeddable":true,"href":"https:\/\/zonaroja.com.mx\/index.php?rest_route=\/wp\/v2\/media\/86185"}],"wp:attachment":[{"href":"https:\/\/zonaroja.com.mx\/index.php?rest_route=%2Fwp%2Fv2%2Fmedia&parent=86184"}],"wp:term":[{"taxonomy":"category","embeddable":true,"href":"https:\/\/zonaroja.com.mx\/index.php?rest_route=%2Fwp%2Fv2%2Fcategories&post=86184"},{"taxonomy":"post_tag","embeddable":true,"href":"https:\/\/zonaroja.com.mx\/index.php?rest_route=%2Fwp%2Fv2%2Ftags&post=86184"}],"curies":[{"name":"wp","href":"https:\/\/api.w.org\/{rel}","templated":true}]}}