{"id":86187,"date":"2025-10-25T15:46:00","date_gmt":"2025-10-25T21:46:00","guid":{"rendered":"https:\/\/zonaroja.com.mx\/?p=86187"},"modified":"2025-10-25T07:49:01","modified_gmt":"2025-10-25T13:49:01","slug":"reforman-ley-para-sancionar-a-desarrolladores-inmobiliarios-incumplidos","status":"publish","type":"post","link":"https:\/\/zonaroja.com.mx\/?p=86187","title":{"rendered":"Reforman ley para sancionar a desarrolladores inmobiliarios incumplidos"},"content":{"rendered":"\n<p>Redacci\u00f3n\/Zona Roja.<\/p>\n\n\n\n<p>Oaxaca, Oax., a 25 de octubre de 2025.- Con el prop\u00f3sito de garantizar que los desarrollos habitacionales cuenten con los servicios urbanos b\u00e1sicos antes de su comercializaci\u00f3n, aseguren condiciones dignas para las y los futuros habitantes y protejan sus derechos humanos, el Congreso del Estado aprob\u00f3 la reforma al art\u00edculo 178 de la Ley de Ordenamiento Territorial y Desarrollo Urbano para el Estado de Oaxaca.<\/p>\n\n\n\n<p>Con esta modificaci\u00f3n se estipula que en caso de no contar con los servicios b\u00e1sicos de agua potable, alcantarillado sanitario, drenaje pluvial, red de energ\u00eda el\u00e9ctrica y alumbrado p\u00fablico ser\u00e1n aplicables las sanciones se\u00f1aladas en las fracciones III, IV y V del art\u00edculo 218 de la referida Ley, como es el caso de la demolici\u00f3n de las construcciones efectuadas, la no renovaci\u00f3n de las autorizaciones, permisos o licencias otorgadas y la suspensi\u00f3n de la licencia al Director o Directora responsable de la obra y\/o pendiente de revalidaci\u00f3n o refrendo.<\/p>\n\n\n\n<p>El Proyecto de Decreto fue impulsado por el presidente de la Junta de Coordinaci\u00f3n Pol\u00edtica (Jucopo), diputado Benjam\u00edn Viveros Montalvo del partido Morena, quien argument\u00f3 que la implementaci\u00f3n de sanciones efectivas permitir\u00e1 proteger los derechos de las personas compradoras al asegurar que las viviendas adquiridas tengan los servicios b\u00e1sicos indispensables para una vida digna y adem\u00e1s evitar\u00e1 que los residentes enfrenten carencias de infraestructura esencial.<\/p>\n\n\n\n<p>De igual forma promover\u00e1 la responsabilidad empresarial, fomentar\u00e1 la pr\u00e1ctica \u00e9tica dentro del sector inmobiliario, contribuir\u00e1 al desarrollo urbano ordenado al favorecer una planeaci\u00f3n adecuada del crecimiento de las ciudades, prevendr\u00e1 asentamientos irregulares y mejorar\u00e1 la calidad de vida de la poblaci\u00f3n, sostuvo.<\/p>\n\n\n\n<p>Viveros Montalvo refiri\u00f3 en su Iniciativa de Reforma que todos los servicios b\u00e1sicos anteriormente mencionados deben estar incluidos en la entrega de una vivienda pues forman parte esencial del derecho a la vivienda digna reconocido en el art\u00edculo 4\u00b0 de la Constituci\u00f3n Pol\u00edtica de M\u00e9xico, el cual est\u00e1 estrechamente vinculado con los derechos al desarrollo, el bienestar y a un medio ambiente sano.<\/p>\n\n\n\n<p>Por su parte, la Comisi\u00f3n Permanente de Infraestructura y Comunicaciones al emitir el dictamen correspondiente consider\u00f3 necesario promover marcos legales y estructuras de gobernanza que permitan a las personas contar con una vivienda adecuada estableciendo en la Ley aplicable las medidas de seguridad encaminadas a evitar da\u00f1os y riesgos en detrimento del patrimonio, la salud, estabilidad y seguridad de los individuos y familias.<\/p>\n\n\n\n<p>Esta reforma se aprob\u00f3 con el voto de 39 legisladoras y legisladores en el contexto de la Segunda Sesi\u00f3n Virtual del Cuarto Periodo Extraordinario de Sesiones el pasado 15 de octubre del a\u00f1o en curso.<\/p>\n\n\n\n<p>Por lo anterior, el Titular del Poder Ejecutivo del Estado emitir\u00e1 las disposiciones reglamentarias para la armonizaci\u00f3n del presente Decreto en un plazo de 180 d\u00edas contados a partir de su entrada en vigor.<\/p>\n","protected":false},"excerpt":{"rendered":"<p>Redacci\u00f3n\/Zona Roja. Oaxaca, Oax., a 25 de octubre de 2025.- Con el prop\u00f3sito de garantizar&hellip;<\/p>\n","protected":false},"author":2,"featured_media":77025,"comment_status":"closed","ping_status":"open","sticky":false,"template":"","format":"standard","meta":{"_lmt_disableupdate":"","_lmt_disable":"","_jetpack_memberships_contains_paid_content":false,"footnotes":""},"categories":[109,46],"tags":[303],"class_list":["post-86187","post","type-post","status-publish","format-standard","has-post-thumbnail","hentry","category-minuto-a-minuto","category-zona-blanca","tag-congreso-del-estado-de-oaxaca"],"jetpack_featured_media_url":"https:\/\/zonaroja.com.mx\/wp-content\/uploads\/2025\/01\/Dip.-Benjamin-Viveros_Parlamento2.jpg","jetpack_sharing_enabled":true,"_links":{"self":[{"href":"https:\/\/zonaroja.com.mx\/index.php?rest_route=\/wp\/v2\/posts\/86187","targetHints":{"allow":["GET"]}}],"collection":[{"href":"https:\/\/zonaroja.com.mx\/index.php?rest_route=\/wp\/v2\/posts"}],"about":[{"href":"https:\/\/zonaroja.com.mx\/index.php?rest_route=\/wp\/v2\/types\/post"}],"author":[{"embeddable":true,"href":"https:\/\/zonaroja.com.mx\/index.php?rest_route=\/wp\/v2\/users\/2"}],"replies":[{"embeddable":true,"href":"https:\/\/zonaroja.com.mx\/index.php?rest_route=%2Fwp%2Fv2%2Fcomments&post=86187"}],"version-history":[{"count":1,"href":"https:\/\/zonaroja.com.mx\/index.php?rest_route=\/wp\/v2\/posts\/86187\/revisions"}],"predecessor-version":[{"id":86188,"href":"https:\/\/zonaroja.com.mx\/index.php?rest_route=\/wp\/v2\/posts\/86187\/revisions\/86188"}],"wp:featuredmedia":[{"embeddable":true,"href":"https:\/\/zonaroja.com.mx\/index.php?rest_route=\/wp\/v2\/media\/77025"}],"wp:attachment":[{"href":"https:\/\/zonaroja.com.mx\/index.php?rest_route=%2Fwp%2Fv2%2Fmedia&parent=86187"}],"wp:term":[{"taxonomy":"category","embeddable":true,"href":"https:\/\/zonaroja.com.mx\/index.php?rest_route=%2Fwp%2Fv2%2Fcategories&post=86187"},{"taxonomy":"post_tag","embeddable":true,"href":"https:\/\/zonaroja.com.mx\/index.php?rest_route=%2Fwp%2Fv2%2Ftags&post=86187"}],"curies":[{"name":"wp","href":"https:\/\/api.w.org\/{rel}","templated":true}]}}