{"id":86195,"date":"2025-10-25T20:46:38","date_gmt":"2025-10-26T02:46:38","guid":{"rendered":"https:\/\/zonaroja.com.mx\/?p=86195"},"modified":"2025-10-25T20:46:38","modified_gmt":"2025-10-26T02:46:38","slug":"rumbo-al-paro-de-48-horas-la-cnte-instala-su-asamblea-nacional-en-oaxaca","status":"publish","type":"post","link":"https:\/\/zonaroja.com.mx\/?p=86195","title":{"rendered":"Rumbo al paro de 48 horas, la CNTE instala su asamblea nacional en Oaxaca&nbsp;"},"content":{"rendered":"\n<p>Lisbeth Mej\u00eda Reyes\/Zona Roja.&nbsp;<\/p>\n\n\n\n<p>Oaxaca, Oax., a 25 de octubre de 1025.- La Coordinadora Nacional de Trabajadores de la Educaci\u00f3n (CNTE) instal\u00f3 esta tarde su asamblea nacional representativa en la ciudad de Oaxaca, en la cual definir\u00e1 las acciones a realizar como parte del paro de labores de 48 horas, que se prev\u00e9 para los primeros d\u00edas de noviembre.<\/p>\n\n\n\n<p>La nueva jornada de protesta es para exigir nuevamente la eliminaci\u00f3n de la Ley del ISSSTE del 2007 y la reforma educativa del 2015. Adem\u00e1s de otras demandas del movimiento.&nbsp;<\/p>\n\n\n\n<p>Para esta asamblea, se han reunido en la ciudad de Oaxaca las secciones VII, de Chiapas; IX, X y XI, de Ciudad de M\u00e9xico; XIV, de Guerrero; XXII, de Oaxaca, y las XXXIV y LVIII, de Zacatecas, que aglutina la CNTE.<\/p>\n\n\n\n<p>\u00abSeguimos exigiendo la abrogaci\u00f3n de estas leyes que no solo han afectado al magisterio sino a todos los trabajadores del Estado, en el sentido de que no hay una jubilaci\u00f3n digna\u00bb, explic\u00f3 Yenny Araceli P\u00e9rez Mart\u00ednez, secretaria general de la Secci\u00f3n 22 del Sindicato Nacional de Trabajadores de la Educaci\u00f3n y de la CNTE.<\/p>\n\n\n\n<p>El paro de 48 horas, dijo la representante, es necesario para exigir la mesa central de la CNTE con la presidencia Claudia Sheinbaum Pardo.<\/p>\n\n\n\n<p>La nueva jornada es en seguimiento al paro de 24 horas realizado el pasado 17 de octubre por la CNTE, que en el caso de Oaxaca incluy\u00f3 bloqueos y tomas de plazas comerciales y casetas de cobro en distintas regiones de la entidad.<\/p>\n\n\n\n<p>Se prev\u00e9 que al igual que el pr\u00f3ximo paro de 48 horas, previsto para realizarse en la Ciudad de M\u00e9xico y otros estados, la CNTE tambi\u00e9n tenga una movilizaci\u00f3n nacional en diciembre, pero por su aniversario.<\/p>\n\n\n\n<p>La asamblea nacional representativa fue instalada a las 15:00 horas de este s\u00e1bado en las oficinas de la Secci\u00f3n 22 y comenz\u00f3 a unas horas de que esta rompiera el di\u00e1logo con el gobierno estatal y federal, en la mesa que se realizaba el viernes en el complejo de Ciudad Administrativa, Tlalixtac de Cabrera.&nbsp;<\/p>\n\n\n\n<p>Lo anterior al se\u00f1alar la falta de compromiso para pagar los adeudos del personal docente de las escuelas secundarias, mismo que alista una manifestaci\u00f3n para este 27 de octubre.<\/p>\n","protected":false},"excerpt":{"rendered":"<p>Lisbeth Mej\u00eda Reyes\/Zona Roja.&nbsp; Oaxaca, Oax., a 25 de octubre de 1025.- La Coordinadora Nacional&hellip;<\/p>\n","protected":false},"author":2,"featured_media":68206,"comment_status":"closed","ping_status":"open","sticky":false,"template":"","format":"standard","meta":{"_lmt_disableupdate":"","_lmt_disable":"","_jetpack_memberships_contains_paid_content":false,"footnotes":""},"categories":[109,46],"tags":[],"class_list":["post-86195","post","type-post","status-publish","format-standard","has-post-thumbnail","hentry","category-minuto-a-minuto","category-zona-blanca"],"jetpack_featured_media_url":"https:\/\/zonaroja.com.mx\/wp-content\/uploads\/2024\/05\/CNTE-Coordinadora-Educacion.jpg","jetpack_sharing_enabled":true,"_links":{"self":[{"href":"https:\/\/zonaroja.com.mx\/index.php?rest_route=\/wp\/v2\/posts\/86195","targetHints":{"allow":["GET"]}}],"collection":[{"href":"https:\/\/zonaroja.com.mx\/index.php?rest_route=\/wp\/v2\/posts"}],"about":[{"href":"https:\/\/zonaroja.com.mx\/index.php?rest_route=\/wp\/v2\/types\/post"}],"author":[{"embeddable":true,"href":"https:\/\/zonaroja.com.mx\/index.php?rest_route=\/wp\/v2\/users\/2"}],"replies":[{"embeddable":true,"href":"https:\/\/zonaroja.com.mx\/index.php?rest_route=%2Fwp%2Fv2%2Fcomments&post=86195"}],"version-history":[{"count":1,"href":"https:\/\/zonaroja.com.mx\/index.php?rest_route=\/wp\/v2\/posts\/86195\/revisions"}],"predecessor-version":[{"id":86196,"href":"https:\/\/zonaroja.com.mx\/index.php?rest_route=\/wp\/v2\/posts\/86195\/revisions\/86196"}],"wp:featuredmedia":[{"embeddable":true,"href":"https:\/\/zonaroja.com.mx\/index.php?rest_route=\/wp\/v2\/media\/68206"}],"wp:attachment":[{"href":"https:\/\/zonaroja.com.mx\/index.php?rest_route=%2Fwp%2Fv2%2Fmedia&parent=86195"}],"wp:term":[{"taxonomy":"category","embeddable":true,"href":"https:\/\/zonaroja.com.mx\/index.php?rest_route=%2Fwp%2Fv2%2Fcategories&post=86195"},{"taxonomy":"post_tag","embeddable":true,"href":"https:\/\/zonaroja.com.mx\/index.php?rest_route=%2Fwp%2Fv2%2Ftags&post=86195"}],"curies":[{"name":"wp","href":"https:\/\/api.w.org\/{rel}","templated":true}]}}