{"id":8620,"date":"2020-02-10T12:53:52","date_gmt":"2020-02-10T18:53:52","guid":{"rendered":"https:\/\/www.zonaroja.com.mx\/?p=8620"},"modified":"2020-02-10T12:53:55","modified_gmt":"2020-02-10T18:53:55","slug":"con-difusion-de-material-audiovisual-busca-vera-carrizal-demostrar-su-inocencia","status":"publish","type":"post","link":"https:\/\/zonaroja.com.mx\/?p=8620","title":{"rendered":"Con difusi\u00f3n de material audiovisual busca Vera Carrizal demostrar su inocencia"},"content":{"rendered":"\n<p class=\"MsoNormal\">Redacci\u00f3n\/Zona Roja. <\/p>\n\n\n\n<p class=\"MsoNormal\"><br>Oaxaca de Ju\u00e1rez, Oax., 10 de febrero de 2020.- Personal cercano al empresario Juan Antonio Vera Carrizal, difundi\u00f3 audios y videos en los que se escucha y se ve a la joven saxofonista Mar\u00eda Elena R\u00edos Ortiz mostrando su afecto amoroso al tambi\u00e9n ex diputado local y hoy pr\u00f3fugo de la justicia. <\/p>\n\n\n\n<p class=\"MsoNormal\">Los audios fueron acompa\u00f1ados de un texto en el que Vera Carrizal nuevamente niega responsabilidad en la agresi\u00f3n a la saxofonista; sin embargo, en esta ocasi\u00f3n s\u00ed acepta p\u00fablicamente que sostuvo una relaci\u00f3n sentimental con ella, lo cual hab\u00eda quedado en entredicho por parte de \u00e9l y su familia en las declaraciones previas.<\/p>\n\n\n\n<p class=\"MsoNormal\">\u201cSoy v\u00edctima de linchamiento medi\u00e1tico y manipulaci\u00f3n de la opini\u00f3n p\u00fablica sin pruebas ni fundamento\u201d, refiere el documento que se distribuy\u00f3 en diferentes medios de comunicaci\u00f3n.<\/p>\n\n\n\n<p class=\"MsoNormal\">El ex diputado local sostuvo que no tiene ni ha tenido motivaci\u00f3n alguna para agredir a Mar\u00eda Elena ni a ninguna otra mujer, asegurando que fue \u00e9l quien termin\u00f3 la relaci\u00f3n sentimental que sosten\u00eda con la joven, la cual remarca ped\u00eda regresar, incluso mediante el chantaje al asegurar que se suicidar\u00eda de no conseguir restablecer el noviazgo.<\/p>\n\n\n\n<p class=\"MsoNormal\">\u201cYo pens\u00e9 que me ibas a hablar para decir Elena recuerda que te amo, y no puedo vivir sin ti, pero como no me lo dices yo te lo digo: Juan te amo y no puedo vivir sin ti, te amo papi\u201d, refiere uno de los audios que hicieron p\u00fablicos.<\/p>\n\n\n\n<p class=\"MsoNormal\">En otro video la joven manda besos y refiere que ama al empresario, con lo cual \u00e9ste asegura que se desmiente que Maria Elena terminara la relaci\u00f3n y la hip\u00f3tesis de una venganza en contra de ella como lo sostiene Silvia R\u00edos, hermana de la joven y la abogada Ana Katiria Su\u00e1rez que ahora la representa. <\/p>\n\n\n\n<p class=\"MsoNormal\">Lament\u00f3 la difusi\u00f3n de los audios y videos, sin embargo detall\u00f3 que fue necesario ante el desbocado linchamiento al que ha sido sometido, a la par que se\u00f1al\u00f3 el material tambi\u00e9n se pondr\u00e1 a disposici\u00f3n de la Fiscal\u00eda General de Oaxaca como pruebas irrefutables que era Mar\u00eda Elena la interesada en mantener la relaci\u00f3n.<br>Finalmente, Vera Carrizal insisti\u00f3 en su inocencia, reiterando que no ser\u00e1 \u00e9l quien pague por un delito que no cometi\u00f3.<\/p>\n\n\n\n<p class=\"MsoNormal\">Pese a lo anterior se mantiene pr\u00f3fugo de la justicia desde el pasado mes de enero que se gir\u00f3 una orden de aprensi\u00f3n en su contra por el delito de tentativa de feminicidio, de acuerdo con lo declarado por el fiscal de Oaxaca, Rub\u00e9n Vasconcelos M\u00e9ndez. <br><\/p>\n\n\n\n<p class=\"MsoNormal\">Mientras que en declaraciones recientes, la abogada y defensora de derechos humanos, Ana Katiria Su\u00e1rez, consider\u00f3 al agresor como un peligro para la sociedad por el grado de maldad al planear el atentado, a la par que detall\u00f3 que los dos confesionales, detenidos como autores materiales del hecho, se\u00f1alaron a Vera Carrizal como el autor intelectual con una coartada, que ella denomin\u00f3, espeluznante, por el grado de odio que conlleva.<\/p>\n","protected":false},"excerpt":{"rendered":"<p>Redacci\u00f3n\/Zona Roja. Oaxaca de Ju\u00e1rez, Oax., 10 de febrero de 2020.- Personal cercano al empresario&hellip;<\/p>\n","protected":false},"author":2,"featured_media":8619,"comment_status":"closed","ping_status":"open","sticky":false,"template":"","format":"standard","meta":{"_lmt_disableupdate":"","_lmt_disable":"","_jetpack_memberships_contains_paid_content":false,"footnotes":""},"categories":[109,47],"tags":[1144,1124],"class_list":["post-8620","post","type-post","status-publish","format-standard","has-post-thumbnail","hentry","category-minuto-a-minuto","category-zona-gris","tag-juan-antonio-vera-carrizal","tag-maria-elena-rios-ortiz"],"jetpack_featured_media_url":"https:\/\/zonaroja.com.mx\/wp-content\/uploads\/2020\/02\/img_7180.jpg","jetpack_sharing_enabled":true,"_links":{"self":[{"href":"https:\/\/zonaroja.com.mx\/index.php?rest_route=\/wp\/v2\/posts\/8620","targetHints":{"allow":["GET"]}}],"collection":[{"href":"https:\/\/zonaroja.com.mx\/index.php?rest_route=\/wp\/v2\/posts"}],"about":[{"href":"https:\/\/zonaroja.com.mx\/index.php?rest_route=\/wp\/v2\/types\/post"}],"author":[{"embeddable":true,"href":"https:\/\/zonaroja.com.mx\/index.php?rest_route=\/wp\/v2\/users\/2"}],"replies":[{"embeddable":true,"href":"https:\/\/zonaroja.com.mx\/index.php?rest_route=%2Fwp%2Fv2%2Fcomments&post=8620"}],"version-history":[{"count":1,"href":"https:\/\/zonaroja.com.mx\/index.php?rest_route=\/wp\/v2\/posts\/8620\/revisions"}],"predecessor-version":[{"id":8621,"href":"https:\/\/zonaroja.com.mx\/index.php?rest_route=\/wp\/v2\/posts\/8620\/revisions\/8621"}],"wp:featuredmedia":[{"embeddable":true,"href":"https:\/\/zonaroja.com.mx\/index.php?rest_route=\/wp\/v2\/media\/8619"}],"wp:attachment":[{"href":"https:\/\/zonaroja.com.mx\/index.php?rest_route=%2Fwp%2Fv2%2Fmedia&parent=8620"}],"wp:term":[{"taxonomy":"category","embeddable":true,"href":"https:\/\/zonaroja.com.mx\/index.php?rest_route=%2Fwp%2Fv2%2Fcategories&post=8620"},{"taxonomy":"post_tag","embeddable":true,"href":"https:\/\/zonaroja.com.mx\/index.php?rest_route=%2Fwp%2Fv2%2Ftags&post=8620"}],"curies":[{"name":"wp","href":"https:\/\/api.w.org\/{rel}","templated":true}]}}