{"id":86201,"date":"2025-10-26T08:45:00","date_gmt":"2025-10-26T14:45:00","guid":{"rendered":"https:\/\/zonaroja.com.mx\/?p=86201"},"modified":"2025-10-26T07:00:10","modified_gmt":"2025-10-26T13:00:10","slug":"en-asamblea-nacional-la-cnte-acuerda-reanudacion-de-huelga-nacional","status":"publish","type":"post","link":"https:\/\/zonaroja.com.mx\/?p=86201","title":{"rendered":"En Asamblea Nacional, la CNTE acuerda reanudaci\u00f3n de huelga nacional \u00a0"},"content":{"rendered":"\n<p>Ismael Garc\u00eda M.\/Zona Roja.<\/p>\n\n\n\n<p>Oaxaca, Oax., a 26 de octubre de 2025.- &nbsp;Sindicatos magisteriales adheridos a la Coordinadora Nacional de Trabajadores de la Educaci\u00f3n (CNTE) acordaron anoche reanudar la huelga nacional educativa.<\/p>\n\n\n\n<p>Asimismo, implementar un paro de 48 horas en las entidades federativas donde tiene presencia dicho organismo, entre ellos Oaxaca.<\/p>\n\n\n\n<p>\u201cEl Ejecutivo federal tendr\u00eda que tomar una decisi\u00f3n, si quiere que el pr\u00f3ximo a\u00f1o se d\u00e9 la Copa Mundial 2026, tendr\u00e1 que reconsiderar nuevamente sentarse con la Coordinadora Nacional de Trabajadores de la Educaci\u00f3n; es una decisi\u00f3n de ellos, no de nosotros\u201d, remarcaron.<\/p>\n\n\n\n<p>En el encuentro efectuado en la sede de la Secci\u00f3n 22 del SNTE en la ciudad de Oaxaca, reiteraron que el gobierno federal no ha cumplido con las principales demandas, que son la abrogaci\u00f3n de la ley del ISSSTE del 2007 y de la reforma impulsada por Enrique Pe\u00f1a Nieto y Andr\u00e9s Manuel L\u00f3pez Obrador.<\/p>\n\n\n\n<p>\u201cNo puede haber un gobierno neoliberal que todav\u00eda siga manejando un discurso diferente y en las acciones haya o\u00eddos sordos; en el paro de 24 horas (del pasado 17 de octubre) ni siquiera un acercamiento, una llamada, cuando en el discurso ellos dicen que hay di\u00e1logo\u201d, expusieron al t\u00e9rmino del encuentro, que fue clausurado a las 22:29 horas.<\/p>\n\n\n\n<p>Recriminaron tambi\u00e9n que en el paro educativo de 24 d\u00edas, en junio pasado, con \u201cplant\u00f3n\u201d en el z\u00f3calo de la Ciudad de M\u00e9xico, tampoco hubo acercamiento por parte del gobierno federal.<\/p>\n\n\n\n<p>\u201cTendr\u00edamos que salir a las calles a manifestarnos para que nos volteen a ver La Presidenta de la Rep\u00fablica (Claudia Sheinbaum) tendr\u00eda que reconsiderar su posici\u00f3n de cerraz\u00f3n\u201d, manifestaron.<\/p>\n\n\n\n<p>En la Asamblea Nacional Representativa de la CNTE que inici\u00f3 ayer por la tarde, participaron las secciones VII, IX, X, XI, XIV, XXXIV y LVIII del Sindicato Nacional de Trabajadores de la Educaci\u00f3n, as\u00ed como las representaci\u00f3n anfitriona de la Secci\u00f3n XXII, que preside Yenny Aracely P\u00e9rez Mart\u00ednez.<\/p>\n","protected":false},"excerpt":{"rendered":"<p>Ismael Garc\u00eda M.\/Zona Roja. Oaxaca, Oax., a 26 de octubre de 2025.- &nbsp;Sindicatos magisteriales adheridos&hellip;<\/p>\n","protected":false},"author":2,"featured_media":86202,"comment_status":"closed","ping_status":"open","sticky":false,"template":"","format":"standard","meta":{"_lmt_disableupdate":"","_lmt_disable":"","_jetpack_memberships_contains_paid_content":false,"footnotes":""},"categories":[109,47],"tags":[1283,312],"class_list":["post-86201","post","type-post","status-publish","format-standard","has-post-thumbnail","hentry","category-minuto-a-minuto","category-zona-gris","tag-coordinadora-nacional-de-trabajadores-de-la-educacion-cnte","tag-seccion-22-del-snte"],"jetpack_featured_media_url":"https:\/\/zonaroja.com.mx\/wp-content\/uploads\/2025\/10\/Asamblea-NAcional-CNTE-en-Oaxaca.jpg","jetpack_sharing_enabled":true,"_links":{"self":[{"href":"https:\/\/zonaroja.com.mx\/index.php?rest_route=\/wp\/v2\/posts\/86201","targetHints":{"allow":["GET"]}}],"collection":[{"href":"https:\/\/zonaroja.com.mx\/index.php?rest_route=\/wp\/v2\/posts"}],"about":[{"href":"https:\/\/zonaroja.com.mx\/index.php?rest_route=\/wp\/v2\/types\/post"}],"author":[{"embeddable":true,"href":"https:\/\/zonaroja.com.mx\/index.php?rest_route=\/wp\/v2\/users\/2"}],"replies":[{"embeddable":true,"href":"https:\/\/zonaroja.com.mx\/index.php?rest_route=%2Fwp%2Fv2%2Fcomments&post=86201"}],"version-history":[{"count":1,"href":"https:\/\/zonaroja.com.mx\/index.php?rest_route=\/wp\/v2\/posts\/86201\/revisions"}],"predecessor-version":[{"id":86203,"href":"https:\/\/zonaroja.com.mx\/index.php?rest_route=\/wp\/v2\/posts\/86201\/revisions\/86203"}],"wp:featuredmedia":[{"embeddable":true,"href":"https:\/\/zonaroja.com.mx\/index.php?rest_route=\/wp\/v2\/media\/86202"}],"wp:attachment":[{"href":"https:\/\/zonaroja.com.mx\/index.php?rest_route=%2Fwp%2Fv2%2Fmedia&parent=86201"}],"wp:term":[{"taxonomy":"category","embeddable":true,"href":"https:\/\/zonaroja.com.mx\/index.php?rest_route=%2Fwp%2Fv2%2Fcategories&post=86201"},{"taxonomy":"post_tag","embeddable":true,"href":"https:\/\/zonaroja.com.mx\/index.php?rest_route=%2Fwp%2Fv2%2Ftags&post=86201"}],"curies":[{"name":"wp","href":"https:\/\/api.w.org\/{rel}","templated":true}]}}