{"id":86204,"date":"2025-10-26T09:45:00","date_gmt":"2025-10-26T15:45:00","guid":{"rendered":"https:\/\/zonaroja.com.mx\/?p=86204"},"modified":"2025-10-26T07:09:41","modified_gmt":"2025-10-26T13:09:41","slug":"asesinan-y-calcinan-a-un-mototaxista-en-juchitan","status":"publish","type":"post","link":"https:\/\/zonaroja.com.mx\/?p=86204","title":{"rendered":"Asesinan y calcinan a un mototaxista en Juchit\u00e1n"},"content":{"rendered":"\n<p>Raymundo Morales\/Zona Roja.<\/p>\n\n\n\n<p>Oaxaca, Oax., a 26 de octubre de 2025.- La violencia contin\u00faa imparable en el municipio de Juchit\u00e1n de Zaragoza.<\/p>\n\n\n\n<p>Anoche, en la colonia 25 de Mayo fue asesinado un mototaxista y su unidad fue calcinada, junto con el cuerpo.<\/p>\n\n\n\n<p>Las corporaciones policiacas arribaron al sitio s\u00f3lo para tomar conocimiento del caso, pues arribaron cuando la unidad de motor del servicio p\u00fablico pr\u00e1cticamente y la v\u00edctima ya hab\u00edan sido consumidas en su totalidad.<\/p>\n\n\n\n<p>Hasta el momento no se cuenta con la identidad del mototaxista y la Vicefiscal\u00eda Regional del Istmo, de la Fiscal\u00eda General del Estado de Oaxaca, inici\u00f3 las indagatorias para dar con el o los responsables del crimen.<\/p>\n\n\n\n<p>A este reciente hecho violento le preceden diversos actos delictivos como tiroteo a negocios y domicilios, adem\u00e1s de diversos asaltos, sin que el gobierno municipal que encabeza el morenita Miguel S\u00e1nchez Altamirano, refuerce la seguridad de los ciudadanos.<\/p>\n\n\n\n<p>El pasado 12 de octubre, balearon un domicilio en la avenida Insurgentes en la Segunda Secci\u00f3n, cerca del centro de Juchit\u00e1n de Zaragoza,<\/p>\n\n\n\n<p>Mientras que los empresarios y comerciantes continuan denunciando actos de extorsi\u00f3n y \u201ccobro de piso\u201d por parte de grupos delictivos; sin embargo, la autoridad municipal no ha reforzado los patrullajes policiacos.<\/p>\n","protected":false},"excerpt":{"rendered":"<p>Raymundo Morales\/Zona Roja. Oaxaca, Oax., a 26 de octubre de 2025.- La violencia contin\u00faa imparable&hellip;<\/p>\n","protected":false},"author":2,"featured_media":85627,"comment_status":"closed","ping_status":"open","sticky":false,"template":"","format":"standard","meta":{"_lmt_disableupdate":"","_lmt_disable":"","_jetpack_memberships_contains_paid_content":false,"footnotes":""},"categories":[109,51],"tags":[297],"class_list":["post-86204","post","type-post","status-publish","format-standard","has-post-thumbnail","hentry","category-minuto-a-minuto","category-zona-roja","tag-ejecutado-juchitan"],"jetpack_featured_media_url":"https:\/\/zonaroja.com.mx\/wp-content\/uploads\/2025\/10\/Escena-del-crimen-seguridad.jpg","jetpack_sharing_enabled":true,"_links":{"self":[{"href":"https:\/\/zonaroja.com.mx\/index.php?rest_route=\/wp\/v2\/posts\/86204","targetHints":{"allow":["GET"]}}],"collection":[{"href":"https:\/\/zonaroja.com.mx\/index.php?rest_route=\/wp\/v2\/posts"}],"about":[{"href":"https:\/\/zonaroja.com.mx\/index.php?rest_route=\/wp\/v2\/types\/post"}],"author":[{"embeddable":true,"href":"https:\/\/zonaroja.com.mx\/index.php?rest_route=\/wp\/v2\/users\/2"}],"replies":[{"embeddable":true,"href":"https:\/\/zonaroja.com.mx\/index.php?rest_route=%2Fwp%2Fv2%2Fcomments&post=86204"}],"version-history":[{"count":1,"href":"https:\/\/zonaroja.com.mx\/index.php?rest_route=\/wp\/v2\/posts\/86204\/revisions"}],"predecessor-version":[{"id":86205,"href":"https:\/\/zonaroja.com.mx\/index.php?rest_route=\/wp\/v2\/posts\/86204\/revisions\/86205"}],"wp:featuredmedia":[{"embeddable":true,"href":"https:\/\/zonaroja.com.mx\/index.php?rest_route=\/wp\/v2\/media\/85627"}],"wp:attachment":[{"href":"https:\/\/zonaroja.com.mx\/index.php?rest_route=%2Fwp%2Fv2%2Fmedia&parent=86204"}],"wp:term":[{"taxonomy":"category","embeddable":true,"href":"https:\/\/zonaroja.com.mx\/index.php?rest_route=%2Fwp%2Fv2%2Fcategories&post=86204"},{"taxonomy":"post_tag","embeddable":true,"href":"https:\/\/zonaroja.com.mx\/index.php?rest_route=%2Fwp%2Fv2%2Ftags&post=86204"}],"curies":[{"name":"wp","href":"https:\/\/api.w.org\/{rel}","templated":true}]}}