{"id":86208,"date":"2025-10-26T12:27:00","date_gmt":"2025-10-26T18:27:00","guid":{"rendered":"https:\/\/zonaroja.com.mx\/?p=86208"},"modified":"2025-10-26T12:32:37","modified_gmt":"2025-10-26T18:32:37","slug":"escala-conflicto-en-el-tecnologico-de-tlaxiaco-exigen-destitucion-del-director","status":"publish","type":"post","link":"https:\/\/zonaroja.com.mx\/?p=86208","title":{"rendered":"Escala conflicto en el Tecnol\u00f3gico de Tlaxiaco; exigen destituci\u00f3n del director"},"content":{"rendered":"\n<p>Lisbeth Mej\u00eda Reyes\/Zona Roja.<\/p>\n\n\n\n<p>Oaxaca, Oax., a 26 de octubre de 2025.- La base trabajadora del Instituto Tecnol\u00f3gico de Tlaxiaco, adherida a la Secci\u00f3n 61 del Sindicato Nacional de Trabajadores de la Educaci\u00f3n (SNTE), exige la destituci\u00f3n del director del plantel, Amado Santos Santiago, a quien acusa de mala administraci\u00f3n, opacidad, violencia y acoso laboral, entre otras conductas u omisiones.<\/p>\n\n\n\n<p>En un comunicado dirigido a la sociedad en general y la comunidad educativa, el comit\u00e9 ejecutivo delegacional D-V-72, de la Secci\u00f3n 61, dio a conocer la serie de irregularidades de las que acusa al director, quien est\u00e1 en el cargo desde hace casi tres a\u00f1os.<\/p>\n\n\n\n<p>\u00abVemos con desencanto que el desempe\u00f1o que ha tenido, junto con el equipo del cuerpo directivo que conjunt\u00f3, han restado al crecimiento de esta gran instituci\u00f3n, hemos tenido un constante abandono de su liderazgo y ausentismo en la instituci\u00f3n\u00bb, explic\u00f3 la base trabajadora.<\/p>\n\n\n\n<p>Como ejemplo de las fallas del director, detall\u00f3 que hay equipo que sigue almacenado por la falta de mantenimiento y de adecuaciones. Adem\u00e1s de que el campo de futbol soccer profesional, para el que se invirtieron ocho millones de pesos, se recibi\u00f3 sin la supervisi\u00f3n adecuada y presenta fallas, la cuales fueron exhibidas por el supervisor del Instituto Oaxaque\u00f1o Constructor de Infraestructura Educativa (IOCIED). De esta obra, la base trabajadora se\u00f1al\u00f3 que el director no ha dado seguimiento para hacer v\u00e1lida la garant\u00eda por los vicios ocultos.<\/p>\n\n\n\n<p>Como esto, expuso que hay un abandono y desinter\u00e9s por recuperar y terminar la construcci\u00f3n de la Unidad Multifuncional de Talleres y laboratorios, \u00aben la que se tiene la promesa que el gobierno del estado asignar\u00e1 10 millones de pesos para terminarla\u00bb.<\/p>\n\n\n\n<p>Entre los 10 puntos que explican las fallas del director est\u00e1 el de los altos costos que pagan las y los estudiantes para cursar alguna materia, as\u00ed como un ambiente laboral que ha fomentado el divisionismo.<\/p>\n\n\n\n<p>La falta de transparencia en el manejo de los recursos, la falta de mantenimiento a los sanitarios, edificios y dem\u00e1s infraestructura educativa son otros de los se\u00f1alamientos del personal sindicalizado hacia el director. De igual manera, se enuncian irregularidades en la contrataci\u00f3n del personal de Servicio Profesional Independiente, del que aseguran que se ha hecho \u00abpor compromisos y nepotismo\u00bb y generando un gasto innecesario por ser mayor al personal requerido.<\/p>\n\n\n\n<p>Las y los sindicalizados tambi\u00e9n explicaron que presentaron dos quejas para garantizar los derechos del personal de base, la no violencia y no discriminaci\u00f3n, pero que los denunciantes han sido revictimizados.<\/p>\n\n\n\n<p>Por estas razones reiter\u00f3 su exigencia para que se renueve el cuerpo directivo del instituto.<\/p>\n","protected":false},"excerpt":{"rendered":"<p>Lisbeth Mej\u00eda Reyes\/Zona Roja. Oaxaca, Oax., a 26 de octubre de 2025.- La base trabajadora&hellip;<\/p>\n","protected":false},"author":2,"featured_media":86209,"comment_status":"closed","ping_status":"open","sticky":false,"template":"","format":"standard","meta":{"_lmt_disableupdate":"","_lmt_disable":"","_jetpack_memberships_contains_paid_content":false,"footnotes":""},"categories":[109,47],"tags":[4498],"class_list":["post-86208","post","type-post","status-publish","format-standard","has-post-thumbnail","hentry","category-minuto-a-minuto","category-zona-gris","tag-instituto-tecnologico-de-tlaxiaco"],"jetpack_featured_media_url":"https:\/\/zonaroja.com.mx\/wp-content\/uploads\/2025\/10\/Instituto-Tecnologico-de-Tlaxiaco.jpg","jetpack_sharing_enabled":true,"_links":{"self":[{"href":"https:\/\/zonaroja.com.mx\/index.php?rest_route=\/wp\/v2\/posts\/86208","targetHints":{"allow":["GET"]}}],"collection":[{"href":"https:\/\/zonaroja.com.mx\/index.php?rest_route=\/wp\/v2\/posts"}],"about":[{"href":"https:\/\/zonaroja.com.mx\/index.php?rest_route=\/wp\/v2\/types\/post"}],"author":[{"embeddable":true,"href":"https:\/\/zonaroja.com.mx\/index.php?rest_route=\/wp\/v2\/users\/2"}],"replies":[{"embeddable":true,"href":"https:\/\/zonaroja.com.mx\/index.php?rest_route=%2Fwp%2Fv2%2Fcomments&post=86208"}],"version-history":[{"count":1,"href":"https:\/\/zonaroja.com.mx\/index.php?rest_route=\/wp\/v2\/posts\/86208\/revisions"}],"predecessor-version":[{"id":86210,"href":"https:\/\/zonaroja.com.mx\/index.php?rest_route=\/wp\/v2\/posts\/86208\/revisions\/86210"}],"wp:featuredmedia":[{"embeddable":true,"href":"https:\/\/zonaroja.com.mx\/index.php?rest_route=\/wp\/v2\/media\/86209"}],"wp:attachment":[{"href":"https:\/\/zonaroja.com.mx\/index.php?rest_route=%2Fwp%2Fv2%2Fmedia&parent=86208"}],"wp:term":[{"taxonomy":"category","embeddable":true,"href":"https:\/\/zonaroja.com.mx\/index.php?rest_route=%2Fwp%2Fv2%2Fcategories&post=86208"},{"taxonomy":"post_tag","embeddable":true,"href":"https:\/\/zonaroja.com.mx\/index.php?rest_route=%2Fwp%2Fv2%2Ftags&post=86208"}],"curies":[{"name":"wp","href":"https:\/\/api.w.org\/{rel}","templated":true}]}}